{"id":6178,"date":"2024-05-15T16:44:56","date_gmt":"2024-05-15T20:44:56","guid":{"rendered":"https:\/\/jornaloalvorada.com.br\/site\/?p=6178"},"modified":"2024-05-15T16:44:59","modified_gmt":"2024-05-15T20:44:59","slug":"operacao-cosud-333-pessoas-presas-e-3-toneladas-de-drogas-apreendidas-em-ms","status":"publish","type":"post","link":"https:\/\/jornaloalvorada.com.br\/site\/2024\/05\/15\/operacao-cosud-333-pessoas-presas-e-3-toneladas-de-drogas-apreendidas-em-ms\/","title":{"rendered":"Opera\u00e7\u00e3o Cosud: 333 pessoas presas e 3 toneladas de drogas apreendidas em MS"},"content":{"rendered":"\n<p>A Opera\u00e7\u00e3o Cosud, realizada entre os dias 8 e 12 de maio, no Estado de Mato Grosso do Sul, resultou na apreens\u00e3o de mais de 3 toneladas de drogas, 47.400 ma\u00e7os de cigarros apreendidos e 333 pessoas presas. Ao todo 3.631 pessoas foram abordas e 2.427 ve\u00edculos fiscalizados.<\/p>\n\n\n\n<p>A a\u00e7\u00e3o foi coordenada pela Secretaria de Estado de Justi\u00e7a e Seguran\u00e7a P\u00fablica (Sejusp), por meio COPI (Coordenadoria de Opera\u00e7\u00f5es Integradas e Coopera\u00e7\u00e3o Interag\u00eancias).<\/p>\n\n\n\n<p>A opera\u00e7\u00e3o reuniu a Pol\u00edcia Civil, Pol\u00edcia Militar, Agepen, Coordenadoria Geral de Per\u00edcias, Departamento de Opera\u00e7\u00f5es de Fronteira (DOF) e a Delegacia Especializada de Repress\u00e3o aos Crimes de Fronteira (Defron), totalizando um efetivo de 885 policiais e 272 viaturas.<\/p>\n\n\n\n<p>O Cons\u00f3rcio de Integra\u00e7\u00e3o Sul e Sudeste (Cosud) foi criado em 2019 e abrange os estados do Paran\u00e1, Santa Catarina, Rio Grande do Sul, S\u00e3o Paulo, Rio de Janeiro, Esp\u00edrito Santo, Minas Gerais, e conta com a participa\u00e7\u00e3o convidada do Mato Grosso do Sul. O objetivo dessa alian\u00e7a \u00e9 a de fortalecer a coopera\u00e7\u00e3o entre os Governos dessas regi\u00f5es e impulsionar a\u00e7\u00f5es socioecon\u00f4micas e ambientais, o que inclui a \u00e1rea da Seguran\u00e7a P\u00fablica.<\/p>\n\n\n\n<figure class=\"wp-block-image\"><a href=\"https:\/\/agenciadenoticias.ms.gov.br\/wp-content\/uploads\/2024\/05\/WhatsApp-Image-2024-05-14-at-15.07.31.jpeg\"><img decoding=\"async\" src=\"https:\/\/agenciadenoticias.ms.gov.br\/wp-content\/uploads\/2024\/05\/WhatsApp-Image-2024-05-14-at-15.07.31-1024x768.jpeg\" alt=\"\"\/><\/a><\/figure>\n\n\n\n<figure class=\"wp-block-image\"><a href=\"https:\/\/agenciadenoticias.ms.gov.br\/wp-content\/uploads\/2024\/05\/WhatsApp-Image-2024-05-14-at-15.07.31-1.jpeg\"><img decoding=\"async\" src=\"https:\/\/agenciadenoticias.ms.gov.br\/wp-content\/uploads\/2024\/05\/WhatsApp-Image-2024-05-14-at-15.07.31-1-1024x768.jpeg\" alt=\"\"\/><\/a><\/figure>\n\n\n\n<p>\u201cO entrosamento e coopera\u00e7\u00e3o existentes entre os \u00f3rg\u00e3os e institui\u00e7\u00f5es, foram fatores primordiais para o planejamento e execu\u00e7\u00e3o dos trabalhos, ressaltando o profissionalismo e disposi\u00e7\u00e3o envidados por todos os integrantes da seguran\u00e7a p\u00fablica que n\u00e3o mediram esfor\u00e7os para a demonstra\u00e7\u00e3o de supremacia da for\u00e7a estatal contra a criminalidade, com isso propiciando maior tranquilidade e sensa\u00e7\u00e3o de seguran\u00e7a \u00e0 popula\u00e7\u00e3o das regi\u00f5es de fronteiras e divisas dos estados lim\u00edtrofes com o Mato Grosso do Sul\u201d, destacou o coordenador Centro Integrado de Comando e Controle (CICC), Coronel Edimilson de Oliveira Ribeiro.<\/p>\n\n\n\n<p>Para o Secret\u00e1rio-Executivo de Seguran\u00e7a P\u00fablica da Sejusp, coronel Wagner Ferreira da Silva, a Opera\u00e7\u00e3o realizada traz benef\u00edcios diretos \u00e0 popula\u00e7\u00e3o sul-mato-grossense.<\/p>\n\n\n\n<p>\u201cAl\u00e9m dos resultados efetivos de apreens\u00f5es e pris\u00f5es no enfrentamento ao crime, a Opera\u00e7\u00e3o Cosud arrasta consigo um valor inestim\u00e1vel, que \u00e9 a integra\u00e7\u00e3o entre os estados e o compartilhamento de conhecimento. Este \u00e9 um legado que produzir\u00e1 resultados duradouros para todos os entes envolvidos\u201d, concluiu o secret\u00e1rio-executivo.<\/p>\n\n\n\n<figure class=\"wp-block-image\"><a href=\"https:\/\/agenciadenoticias.ms.gov.br\/wp-content\/uploads\/2024\/05\/WhatsApp-Image-2024-05-14-at-15.07.33.jpeg\"><img decoding=\"async\" src=\"https:\/\/agenciadenoticias.ms.gov.br\/wp-content\/uploads\/2024\/05\/WhatsApp-Image-2024-05-14-at-15.07.33-1024x576.jpeg\" alt=\"\"\/><\/a><\/figure>\n\n\n\n<p><em>Tenente Albuquerque, Comunica\u00e7\u00e3o Sejusp<\/em><\/p>\n","protected":false},"excerpt":{"rendered":"<p>A Opera\u00e7\u00e3o Cosud, realizada entre os dias 8 e 12 de maio, no Estado de Mato Grosso do Sul, resultou<\/p>\n","protected":false},"author":1,"featured_media":6179,"comment_status":"open","ping_status":"open","sticky":false,"template":"","format":"standard","meta":{"footnotes":""},"categories":[2],"tags":[],"class_list":["post-6178","post","type-post","status-publish","format-standard","has-post-thumbnail","hentry","category-noticias"],"_links":{"self":[{"href":"https:\/\/jornaloalvorada.com.br\/site\/wp-json\/wp\/v2\/posts\/6178","targetHints":{"allow":["GET"]}}],"collection":[{"href":"https:\/\/jornaloalvorada.com.br\/site\/wp-json\/wp\/v2\/posts"}],"about":[{"href":"https:\/\/jornaloalvorada.com.br\/site\/wp-json\/wp\/v2\/types\/post"}],"author":[{"embeddable":true,"href":"https:\/\/jornaloalvorada.com.br\/site\/wp-json\/wp\/v2\/users\/1"}],"replies":[{"embeddable":true,"href":"https:\/\/jornaloalvorada.com.br\/site\/wp-json\/wp\/v2\/comments?post=6178"}],"version-history":[{"count":1,"href":"https:\/\/jornaloalvorada.com.br\/site\/wp-json\/wp\/v2\/posts\/6178\/revisions"}],"predecessor-version":[{"id":6180,"href":"https:\/\/jornaloalvorada.com.br\/site\/wp-json\/wp\/v2\/posts\/6178\/revisions\/6180"}],"wp:featuredmedia":[{"embeddable":true,"href":"https:\/\/jornaloalvorada.com.br\/site\/wp-json\/wp\/v2\/media\/6179"}],"wp:attachment":[{"href":"https:\/\/jornaloalvorada.com.br\/site\/wp-json\/wp\/v2\/media?parent=6178"}],"wp:term":[{"taxonomy":"category","embeddable":true,"href":"https:\/\/jornaloalvorada.com.br\/site\/wp-json\/wp\/v2\/categories?post=6178"},{"taxonomy":"post_tag","embeddable":true,"href":"https:\/\/jornaloalvorada.com.br\/site\/wp-json\/wp\/v2\/tags?post=6178"}],"curies":[{"name":"wp","href":"https:\/\/api.w.org\/{rel}","templated":true}]}}