{"id":6166,"date":"2024-04-13T08:22:00","date_gmt":"2024-04-13T12:22:00","guid":{"rendered":"https:\/\/jornaloalvorada.com.br\/site\/?p=6166"},"modified":"2024-05-15T15:23:16","modified_gmt":"2024-05-15T19:23:16","slug":"sabado-tem-previsao-de-sol-nebulosidade-e-chances-de-chuvas-em-ms","status":"publish","type":"post","link":"https:\/\/jornaloalvorada.com.br\/site\/2024\/04\/13\/sabado-tem-previsao-de-sol-nebulosidade-e-chances-de-chuvas-em-ms\/","title":{"rendered":"S\u00e1bado tem previs\u00e3o de sol, nebulosidade e chances de chuvas em MS"},"content":{"rendered":"\n<p>Para o final de semana, a previs\u00e3o do tempo indica sol, principalmente nas primeiras horas do dia, seguido de um aumento de nebulosidade em grande parte de Mato Grosso do Sul. Al\u00e9m disso, neste s\u00e1bado (13) ainda existe a possibilidade de chuvas fracas a moderadas e, pontualmente, podem ocorrer tempestades nas regi\u00f5es Norte, Centro, e Oeste.<\/p>\n\n\n\n<p>De acordo com o Cemtec (Centro de Monitoramento do Tempo e do Clima), as instabilidades ocorrem devido a atua\u00e7\u00e3o de uma \u00e1rea de baixa press\u00e3o atmosf\u00e9rica sobre o Paraguai, aliado a combina\u00e7\u00e3o de calor e umidade.<\/p>\n\n\n\n<p>Os term\u00f4metros em Campo Grande marcam 22\u00b0C inicialmente e chegam aos 29\u00b0C nos hor\u00e1rios mais quentes. Dourados tem m\u00ednima de 23\u00b0C e m\u00e1xima de 30\u00b0C. Na fronteira com o Paraguai, os valores em Ponta Por\u00e3 variam entre 21\u00b0C e 27\u00b0C. Na regi\u00e3o Leste, a m\u00ednima em Anauril\u00e2ndia \u00e9 de 24\u00b0C e a m\u00e1xima de 30\u00b0C.<\/p>\n\n\n\n<p>Porto Murtinho, no Sudoeste, tem 23\u00b0C pela manh\u00e3 e 29\u00b0C \u00e0 tarde. Na regi\u00e3o pantaneira, Corumb\u00e1 tem m\u00ednima de 25\u00b0C e m\u00e1xima de 30\u00b0C, j\u00e1 em Aquidauana, as temperaturas variam entre 24\u00b0C e 31\u00b0C.<\/p>\n\n\n\n<p>Na regi\u00e3o Norte, os munic\u00edpios de Coxim e Camapu\u00e3 registram valores semelhantes, com m\u00ednimas de 23\u00b0C e m\u00e1ximas de 30\u00b0C. Parana\u00edba, no Bols\u00e3o, amanhece com 24\u00b0C e chega aos 30\u00b0C ao longo do dia; Tr\u00eas Lagoas, na mesma regi\u00e3o, tem m\u00ednima de 25\u00b0C e m\u00e1xima de 31\u00b0C.<\/p>\n\n\n\n<figure class=\"wp-block-image\"><a href=\"https:\/\/agenciadenoticias.ms.gov.br\/wp-content\/uploads\/2024\/04\/Mapa-Previsao-13-04-24.jpeg\"><img decoding=\"async\" src=\"https:\/\/agenciadenoticias.ms.gov.br\/wp-content\/uploads\/2024\/04\/Mapa-Previsao-13-04-24-1024x724.jpeg\" alt=\"\"\/><\/a><\/figure>\n\n\n\n<p><em>Heloisa Duim, Programa de Est\u00e1gio Supervisionado<\/em><br><em>Foto: Saul Schramm<\/em><\/p>\n","protected":false},"excerpt":{"rendered":"<p>Para o final de semana, a previs\u00e3o do tempo indica sol, principalmente nas primeiras horas do dia, seguido de um<\/p>\n","protected":false},"author":1,"featured_media":5087,"comment_status":"open","ping_status":"open","sticky":false,"template":"","format":"standard","meta":{"footnotes":""},"categories":[2],"tags":[],"class_list":["post-6166","post","type-post","status-publish","format-standard","has-post-thumbnail","hentry","category-noticias"],"_links":{"self":[{"href":"https:\/\/jornaloalvorada.com.br\/site\/wp-json\/wp\/v2\/posts\/6166","targetHints":{"allow":["GET"]}}],"collection":[{"href":"https:\/\/jornaloalvorada.com.br\/site\/wp-json\/wp\/v2\/posts"}],"about":[{"href":"https:\/\/jornaloalvorada.com.br\/site\/wp-json\/wp\/v2\/types\/post"}],"author":[{"embeddable":true,"href":"https:\/\/jornaloalvorada.com.br\/site\/wp-json\/wp\/v2\/users\/1"}],"replies":[{"embeddable":true,"href":"https:\/\/jornaloalvorada.com.br\/site\/wp-json\/wp\/v2\/comments?post=6166"}],"version-history":[{"count":1,"href":"https:\/\/jornaloalvorada.com.br\/site\/wp-json\/wp\/v2\/posts\/6166\/revisions"}],"predecessor-version":[{"id":6167,"href":"https:\/\/jornaloalvorada.com.br\/site\/wp-json\/wp\/v2\/posts\/6166\/revisions\/6167"}],"wp:featuredmedia":[{"embeddable":true,"href":"https:\/\/jornaloalvorada.com.br\/site\/wp-json\/wp\/v2\/media\/5087"}],"wp:attachment":[{"href":"https:\/\/jornaloalvorada.com.br\/site\/wp-json\/wp\/v2\/media?parent=6166"}],"wp:term":[{"taxonomy":"category","embeddable":true,"href":"https:\/\/jornaloalvorada.com.br\/site\/wp-json\/wp\/v2\/categories?post=6166"},{"taxonomy":"post_tag","embeddable":true,"href":"https:\/\/jornaloalvorada.com.br\/site\/wp-json\/wp\/v2\/tags?post=6166"}],"curies":[{"name":"wp","href":"https:\/\/api.w.org\/{rel}","templated":true}]}}