{"id":6154,"date":"2024-05-14T09:14:02","date_gmt":"2024-05-14T13:14:02","guid":{"rendered":"https:\/\/jornaloalvorada.com.br\/site\/?p=6154"},"modified":"2024-05-15T16:40:58","modified_gmt":"2024-05-15T20:40:58","slug":"frente-fria-avanca-sobre-o-ms-e-temperaturas-mais-amenas-sao-registradas-nesta-terca-feira","status":"publish","type":"post","link":"https:\/\/jornaloalvorada.com.br\/site\/2024\/05\/14\/frente-fria-avanca-sobre-o-ms-e-temperaturas-mais-amenas-sao-registradas-nesta-terca-feira\/","title":{"rendered":"Frente fria avan\u00e7a sobre o MS e temperaturas mais amenas s\u00e3o registradas nesta ter\u00e7a-feira"},"content":{"rendered":"\n<p>Para esta ter\u00e7a-feira (14), a previs\u00e3o do Cemtec (Centro de Monitoramento do Tempo e do Clima) indica mudan\u00e7as no tempo com o avan\u00e7o de uma frente fria em grande parte de Mato Grosso do Sul. Al\u00e9m disso, a passagem deste sistema favorece a quebra do bloqueio atmosf\u00e9rico e aumento de nebulosidade e, com menor probabilidade, podem ocorrer pancadas de chuvas principalmente nas regi\u00f5es sul, sudoeste, oeste e sudeste.<\/p>\n\n\n\n<p>Ainda, de acordo com o \u00f3rg\u00e3o, o ar frio avan\u00e7a para as outras regi\u00f5es do Estado entre ter\u00e7a e quarta-feira (15). \u201cO grande destaque \u00e9 que essa frente fria dever\u00e1 favorecer a queda nas temperaturas, com valores que podem atingir entre 13-15\u00b0C, principalmente nas regi\u00f5es sul e sudoeste do Estado\u201d, afirma o Cemtec.<\/p>\n\n\n\n<p>Em Campo Grande, a m\u00ednima prevista \u00e9 de 18\u00b0C e a m\u00e1xima de 25\u00b0C. No munic\u00edpio de Dourados, os term\u00f4metros marcam 15\u00b0C inicialmente e chegam aos 21\u00b0C. Na fronteira com o Paraguai, Ponta Por\u00e3 apresenta varia\u00e7\u00e3o entre 13\u00b0C e 15\u00b0C. Iguatemi, na regi\u00e3o Cone-Sul, tem m\u00ednima de 15\u00b0C e m\u00e1xima de 19\u00b0C.<\/p>\n\n\n\n<p>Parana\u00edba e Tr\u00eas Lagoas, no Bols\u00e3o, registram temperaturas semelhantes, com m\u00ednimas de 19\u00b0C e m\u00e1ximas de 30\u00b0C. Na regi\u00e3o Norte, Coxim amanhece com 18\u00b0C e atinge 28\u00b0C nos hor\u00e1rios mais quentes do dia.<\/p>\n\n\n\n<p>No Pantanal, Corumb\u00e1 e Aquidauana iniciam o dia com 16\u00b0C, com m\u00e1ximas de 18\u00b0C e 24\u00b0C, respectivamente. No Sudoeste do Estado, os valores em Porto Murtinho variam entre 14\u00b0C e 16\u00b0C.<\/p>\n\n\n\n<p><em>Heloisa Duim, do Programa de Est\u00e1gio Supervisionado<br>Foto: Bruno Rezende<\/em><\/p>\n","protected":false},"excerpt":{"rendered":"<p>Para esta ter\u00e7a-feira (14), a previs\u00e3o do Cemtec (Centro de Monitoramento do Tempo e do Clima) indica mudan\u00e7as no tempo<\/p>\n","protected":false},"author":1,"featured_media":6155,"comment_status":"open","ping_status":"open","sticky":false,"template":"","format":"standard","meta":{"footnotes":""},"categories":[2],"tags":[],"class_list":["post-6154","post","type-post","status-publish","format-standard","has-post-thumbnail","hentry","category-noticias"],"_links":{"self":[{"href":"https:\/\/jornaloalvorada.com.br\/site\/wp-json\/wp\/v2\/posts\/6154","targetHints":{"allow":["GET"]}}],"collection":[{"href":"https:\/\/jornaloalvorada.com.br\/site\/wp-json\/wp\/v2\/posts"}],"about":[{"href":"https:\/\/jornaloalvorada.com.br\/site\/wp-json\/wp\/v2\/types\/post"}],"author":[{"embeddable":true,"href":"https:\/\/jornaloalvorada.com.br\/site\/wp-json\/wp\/v2\/users\/1"}],"replies":[{"embeddable":true,"href":"https:\/\/jornaloalvorada.com.br\/site\/wp-json\/wp\/v2\/comments?post=6154"}],"version-history":[{"count":1,"href":"https:\/\/jornaloalvorada.com.br\/site\/wp-json\/wp\/v2\/posts\/6154\/revisions"}],"predecessor-version":[{"id":6156,"href":"https:\/\/jornaloalvorada.com.br\/site\/wp-json\/wp\/v2\/posts\/6154\/revisions\/6156"}],"wp:featuredmedia":[{"embeddable":true,"href":"https:\/\/jornaloalvorada.com.br\/site\/wp-json\/wp\/v2\/media\/6155"}],"wp:attachment":[{"href":"https:\/\/jornaloalvorada.com.br\/site\/wp-json\/wp\/v2\/media?parent=6154"}],"wp:term":[{"taxonomy":"category","embeddable":true,"href":"https:\/\/jornaloalvorada.com.br\/site\/wp-json\/wp\/v2\/categories?post=6154"},{"taxonomy":"post_tag","embeddable":true,"href":"https:\/\/jornaloalvorada.com.br\/site\/wp-json\/wp\/v2\/tags?post=6154"}],"curies":[{"name":"wp","href":"https:\/\/api.w.org\/{rel}","templated":true}]}}