{"id":6151,"date":"2024-05-14T09:13:02","date_gmt":"2024-05-14T13:13:02","guid":{"rendered":"https:\/\/jornaloalvorada.com.br\/site\/?p=6151"},"modified":"2024-05-15T16:41:05","modified_gmt":"2024-05-15T20:41:05","slug":"confira-como-ficou-o-nosso-novo-posto-de-saude-do-assentamento-volta-redonda","status":"publish","type":"post","link":"https:\/\/jornaloalvorada.com.br\/site\/2024\/05\/14\/confira-como-ficou-o-nosso-novo-posto-de-saude-do-assentamento-volta-redonda\/","title":{"rendered":"Confira como ficou o nosso novo Posto de Sa\u00fade do Assentamento Volta Redonda"},"content":{"rendered":"\n<p>Entregamos para a popula\u00e7\u00e3o do Assentamento Volta Redonda, uma unidade de sa\u00fade moderna, reformada e ampliada, com atendimento de especialistas capacitados e que proporcionar\u00e1 um melhor atendimento a todos os moradores da regi\u00e3o.<\/p>\n\n\n\n<p>UBS Maria de Lourdes Silveira &#8211; Volta Redonda.<\/p>\n\n\n\n<iframe loading=\"lazy\" src=\"https:\/\/www.facebook.com\/plugins\/video.php?height=476&#038;href=https%3A%2F%2Fwww.facebook.com%2Fjppaleari%2Fvideos%2F2099170423782307%2F&#038;show_text=false&#038;width=267&#038;t=0\" width=\"267\" height=\"476\" style=\"border:none;overflow:hidden\" scrolling=\"no\" frameborder=\"0\" allowfullscreen=\"true\" allow=\"autoplay; clipboard-write; encrypted-media; picture-in-picture; web-share\" allowFullScreen=\"true\"><\/iframe>\n","protected":false},"excerpt":{"rendered":"<p>Entregamos para a popula\u00e7\u00e3o do Assentamento Volta Redonda, uma unidade de sa\u00fade moderna, reformada e ampliada, com atendimento de especialistas<\/p>\n","protected":false},"author":1,"featured_media":6152,"comment_status":"open","ping_status":"open","sticky":false,"template":"","format":"standard","meta":{"footnotes":""},"categories":[2],"tags":[],"class_list":["post-6151","post","type-post","status-publish","format-standard","has-post-thumbnail","hentry","category-noticias"],"_links":{"self":[{"href":"https:\/\/jornaloalvorada.com.br\/site\/wp-json\/wp\/v2\/posts\/6151","targetHints":{"allow":["GET"]}}],"collection":[{"href":"https:\/\/jornaloalvorada.com.br\/site\/wp-json\/wp\/v2\/posts"}],"about":[{"href":"https:\/\/jornaloalvorada.com.br\/site\/wp-json\/wp\/v2\/types\/post"}],"author":[{"embeddable":true,"href":"https:\/\/jornaloalvorada.com.br\/site\/wp-json\/wp\/v2\/users\/1"}],"replies":[{"embeddable":true,"href":"https:\/\/jornaloalvorada.com.br\/site\/wp-json\/wp\/v2\/comments?post=6151"}],"version-history":[{"count":1,"href":"https:\/\/jornaloalvorada.com.br\/site\/wp-json\/wp\/v2\/posts\/6151\/revisions"}],"predecessor-version":[{"id":6153,"href":"https:\/\/jornaloalvorada.com.br\/site\/wp-json\/wp\/v2\/posts\/6151\/revisions\/6153"}],"wp:featuredmedia":[{"embeddable":true,"href":"https:\/\/jornaloalvorada.com.br\/site\/wp-json\/wp\/v2\/media\/6152"}],"wp:attachment":[{"href":"https:\/\/jornaloalvorada.com.br\/site\/wp-json\/wp\/v2\/media?parent=6151"}],"wp:term":[{"taxonomy":"category","embeddable":true,"href":"https:\/\/jornaloalvorada.com.br\/site\/wp-json\/wp\/v2\/categories?post=6151"},{"taxonomy":"post_tag","embeddable":true,"href":"https:\/\/jornaloalvorada.com.br\/site\/wp-json\/wp\/v2\/tags?post=6151"}],"curies":[{"name":"wp","href":"https:\/\/api.w.org\/{rel}","templated":true}]}}