{"id":6146,"date":"2024-05-13T14:36:58","date_gmt":"2024-05-13T18:36:58","guid":{"rendered":"https:\/\/jornaloalvorada.com.br\/site\/?p=6146"},"modified":"2024-05-15T16:40:29","modified_gmt":"2024-05-15T20:40:29","slug":"acm-neto-diz-que-governo-lula-cheira-a-mofo","status":"publish","type":"post","link":"https:\/\/jornaloalvorada.com.br\/site\/2024\/05\/13\/acm-neto-diz-que-governo-lula-cheira-a-mofo\/","title":{"rendered":"ACM Neto diz que \u201cGoverno Lula cheira a mofo\u201d"},"content":{"rendered":"\n<p>Em uma entrevista ao jornal Correio da Bahia, ACM Neto, vice-presidente eleito do Uni\u00e3o Brasil, criticou o governo Lula, afirmando que este n\u00e3o conseguiu avan\u00e7ar e continua preso a pr\u00e1ticas e mentalidades antiquadas.<\/p>\n\n\n\n<p>\u201c\u00c9 um governo que parece estagnado, tanto em termos de pr\u00e1ticas pol\u00edticas quanto em iniciativas e planos para o pa\u00eds\u201d, afirmou o ex-prefeito de Salvador. Sua cr\u00edtica surge ap\u00f3s o presidente Lula repreender publicamente o prefeito de Teixeira de Freitas, Marcelo Belitardo, por sua aus\u00eancia em um evento oficial.<\/p>\n\n\n\n<p>Na segunda-feira, ACM Neto respondeu \u00e0s cr\u00edticas de Lula, destacando a falta de renova\u00e7\u00e3o e pluralidade no governo, dominado por membros do PT. Ele tamb\u00e9m apontou que as discuss\u00f5es sobre a agenda nacional e pol\u00edticas p\u00fablicas s\u00e3o restritas aos petistas, evidenciando um governo estagnado e desconectado das necessidades atuais do pa\u00eds.<\/p>\n\n\n\n<p>O Uni\u00e3o Brasil atualmente tem tr\u00eas minist\u00e9rios no governo Lula, mas h\u00e1 ind\u00edcios de que a sigla esteja se distanciando cada vez mais da base de sustenta\u00e7\u00e3o do governo petista.<\/p>\n\n\n\n<p><strong><em>Fonte: Terra Brasil Not\u00edcias<\/em><\/strong><\/p>\n","protected":false},"excerpt":{"rendered":"<p>Em uma entrevista ao jornal Correio da Bahia, ACM Neto, vice-presidente eleito do Uni\u00e3o Brasil, criticou o governo Lula, afirmando<\/p>\n","protected":false},"author":1,"featured_media":6147,"comment_status":"open","ping_status":"open","sticky":false,"template":"","format":"standard","meta":{"footnotes":""},"categories":[2],"tags":[],"class_list":["post-6146","post","type-post","status-publish","format-standard","has-post-thumbnail","hentry","category-noticias"],"_links":{"self":[{"href":"https:\/\/jornaloalvorada.com.br\/site\/wp-json\/wp\/v2\/posts\/6146","targetHints":{"allow":["GET"]}}],"collection":[{"href":"https:\/\/jornaloalvorada.com.br\/site\/wp-json\/wp\/v2\/posts"}],"about":[{"href":"https:\/\/jornaloalvorada.com.br\/site\/wp-json\/wp\/v2\/types\/post"}],"author":[{"embeddable":true,"href":"https:\/\/jornaloalvorada.com.br\/site\/wp-json\/wp\/v2\/users\/1"}],"replies":[{"embeddable":true,"href":"https:\/\/jornaloalvorada.com.br\/site\/wp-json\/wp\/v2\/comments?post=6146"}],"version-history":[{"count":1,"href":"https:\/\/jornaloalvorada.com.br\/site\/wp-json\/wp\/v2\/posts\/6146\/revisions"}],"predecessor-version":[{"id":6148,"href":"https:\/\/jornaloalvorada.com.br\/site\/wp-json\/wp\/v2\/posts\/6146\/revisions\/6148"}],"wp:featuredmedia":[{"embeddable":true,"href":"https:\/\/jornaloalvorada.com.br\/site\/wp-json\/wp\/v2\/media\/6147"}],"wp:attachment":[{"href":"https:\/\/jornaloalvorada.com.br\/site\/wp-json\/wp\/v2\/media?parent=6146"}],"wp:term":[{"taxonomy":"category","embeddable":true,"href":"https:\/\/jornaloalvorada.com.br\/site\/wp-json\/wp\/v2\/categories?post=6146"},{"taxonomy":"post_tag","embeddable":true,"href":"https:\/\/jornaloalvorada.com.br\/site\/wp-json\/wp\/v2\/tags?post=6146"}],"curies":[{"name":"wp","href":"https:\/\/api.w.org\/{rel}","templated":true}]}}