{"id":6133,"date":"2024-05-13T14:20:45","date_gmt":"2024-05-13T18:20:45","guid":{"rendered":"https:\/\/jornaloalvorada.com.br\/site\/?p=6133"},"modified":"2024-05-15T16:40:44","modified_gmt":"2024-05-15T20:40:44","slug":"rs-repassara-parte-de-doacoes-por-pix-a-cerca-de-45-mil-familias","status":"publish","type":"post","link":"https:\/\/jornaloalvorada.com.br\/site\/2024\/05\/13\/rs-repassara-parte-de-doacoes-por-pix-a-cerca-de-45-mil-familias\/","title":{"rendered":"RS repassar\u00e1 parte de doa\u00e7\u00f5es por Pix a cerca de 45 mil fam\u00edlias"},"content":{"rendered":"\n<p>O governador do Rio Grande do Sul, Eduardo Leite, confirmou nesta segunda-feira (13) que a maior parte dos R$ 93,47 milh\u00f5es doados por pessoas de todo o Brasil e do exterior via Pix ser\u00e3o distribu\u00eddos na forma de um aux\u00edlio emergencial de R$ 2 mil para 45 mil fam\u00edlias afetadas pelas fortes chuvas que atingem o estado desde o final de abril.<\/p>\n\n\n\n<p>\u201cEstamos estimando ajudar cerca de 45 mil fam\u00edlias\u201d, informou Leite, durante coletiva de imprensa, na manh\u00e3 de hoje. Segundo ele, parte do valor recebido ser\u00e1 dividido entre fam\u00edlias desabrigadas ou desalojadas de cidades em situa\u00e7\u00e3o de calamidade p\u00fablica reconhecida pela Defesa Civil estadual.<\/p>\n\n\n\n<p>\u201cOs recursos ir\u00e3o diretamente para as m\u00e3os das pessoas. Para estimul\u00e1-las a reconstruir suas vidas\u201d, comentou Leite, acrescentando que tamb\u00e9m poder\u00e3o requerer o aux\u00edlio as fam\u00edlias inscritas no Cadastro \u00danico para Programas Sociais (Cad\u00danico) ou no Cadastro Nacional da Agricultura Familiar (CAF).<\/p>\n\n\n\n<p>Para ser contemplada, a fam\u00edlia n\u00e3o pode ter renda superior a tr\u00eas sal\u00e1rios-m\u00ednimos, nem ser benefici\u00e1ria do programa estadual Volta Por Cima, que destina R$ 2,5 mil para fam\u00edlias pobres e extremamente pobres \u2013 e para o qual o governo ga\u00facho afirma j\u00e1 ter liberado cerca de R$ 50 milh\u00f5es.<\/p>\n\n\n\n<p>Para acelerar a chegada de recursos \u00e0s v\u00edtimas de enchentes, o crit\u00e9rio de distribui\u00e7\u00e3o come\u00e7ar\u00e1 pelas \u00e1reas mais afetadas que j\u00e1 tenham condi\u00e7\u00f5es de iniciar o processo de recupera\u00e7\u00e3o e reconstru\u00e7\u00e3o.<\/p>\n\n\n\n<blockquote class=\"wp-block-quote is-layout-flow wp-block-quote-is-layout-flow\">\n<p>\u201cClaro que R$ 2 mil reais n\u00e3o resolve tudo, mas \u00e9 uma ajuda importante para muita gente que perdeu tudo. E haver\u00e1 outros programas feitos em parceria com o governo federal e com as prefeituras para podermos atender pessoas com renda familiar at\u00e9 3 sal\u00e1rios-m\u00ednimos.\u201d<\/p>\n<\/blockquote>\n\n\n\n<p>Leite prometeu que a aplica\u00e7\u00e3o dos recursos ser\u00e1 feita com total transpar\u00eancia, com a publica\u00e7\u00e3o de informa\u00e7\u00f5es nos portais oficiais, incluindo a rela\u00e7\u00e3o das fam\u00edlias atendidas. Al\u00e9m disso, a empresa de consultoria Ernest Young vai auditar a presta\u00e7\u00e3o de contas do comit\u00ea gestor.<\/p>\n\n\n\n<p>O aux\u00edlio ser\u00e1 creditado em um cart\u00e3o pr\u00e9-pago, emitido pela Caixa Econ\u00f4mica Federal, em nome do respons\u00e1vel familiar. O valor poder\u00e1 ser sacado em ag\u00eancias ou pontos de atendimento da Caixa, al\u00e9m de ser utilizado para pagamentos em lojas atrav\u00e9s da fun\u00e7\u00e3o d\u00e9bito.<\/p>\n\n\n\n<p>A decis\u00e3o de dividir o valor arrecadado por meio da campanha de doa\u00e7\u00f5es Pix, destinando R$ 2 mil para cada fam\u00edlia, foi tomada pelo Comit\u00ea Gestor dos recursos, que re\u00fane representantes do governo estadual e da sociedade civil organizada, como a seccional da Ordem dos Advogados do Brasil no estado, Rotary e Lions Club, al\u00e9m da Central \u00danica das Favelas (Cufa) e da Federa\u00e7\u00e3o das Ind\u00fastrias do Estado do Rio Grande do Sul (Fiergs), entre outras entidades.<\/p>\n\n\n\n<p>O Comit\u00ea Gestor tamb\u00e9m decidiu que uma pequena parte do dinheiro j\u00e1 arrecadado ser\u00e1 usado para a compra de 30 mil cobertores, que ajudar\u00e3o os atingidos pelas chuvas a enfrentar o frio. As pe\u00e7as est\u00e3o sendo adquiridas por R$ 660 mil, de um fornecedor de Tr\u00eas Lagoas (MS), e devem ser entregues no estado entre hoje e amanh\u00e3 (14).<\/p>\n\n\n\n<p><strong><em>Fonte: Ag\u00eancia Brasil<\/em><\/strong><\/p>\n","protected":false},"excerpt":{"rendered":"<p>O governador do Rio Grande do Sul, Eduardo Leite, confirmou nesta segunda-feira (13) que a maior parte dos R$ 93,47<\/p>\n","protected":false},"author":1,"featured_media":6134,"comment_status":"open","ping_status":"open","sticky":false,"template":"","format":"standard","meta":{"footnotes":""},"categories":[2],"tags":[],"class_list":["post-6133","post","type-post","status-publish","format-standard","has-post-thumbnail","hentry","category-noticias"],"_links":{"self":[{"href":"https:\/\/jornaloalvorada.com.br\/site\/wp-json\/wp\/v2\/posts\/6133","targetHints":{"allow":["GET"]}}],"collection":[{"href":"https:\/\/jornaloalvorada.com.br\/site\/wp-json\/wp\/v2\/posts"}],"about":[{"href":"https:\/\/jornaloalvorada.com.br\/site\/wp-json\/wp\/v2\/types\/post"}],"author":[{"embeddable":true,"href":"https:\/\/jornaloalvorada.com.br\/site\/wp-json\/wp\/v2\/users\/1"}],"replies":[{"embeddable":true,"href":"https:\/\/jornaloalvorada.com.br\/site\/wp-json\/wp\/v2\/comments?post=6133"}],"version-history":[{"count":1,"href":"https:\/\/jornaloalvorada.com.br\/site\/wp-json\/wp\/v2\/posts\/6133\/revisions"}],"predecessor-version":[{"id":6135,"href":"https:\/\/jornaloalvorada.com.br\/site\/wp-json\/wp\/v2\/posts\/6133\/revisions\/6135"}],"wp:featuredmedia":[{"embeddable":true,"href":"https:\/\/jornaloalvorada.com.br\/site\/wp-json\/wp\/v2\/media\/6134"}],"wp:attachment":[{"href":"https:\/\/jornaloalvorada.com.br\/site\/wp-json\/wp\/v2\/media?parent=6133"}],"wp:term":[{"taxonomy":"category","embeddable":true,"href":"https:\/\/jornaloalvorada.com.br\/site\/wp-json\/wp\/v2\/categories?post=6133"},{"taxonomy":"post_tag","embeddable":true,"href":"https:\/\/jornaloalvorada.com.br\/site\/wp-json\/wp\/v2\/tags?post=6133"}],"curies":[{"name":"wp","href":"https:\/\/api.w.org\/{rel}","templated":true}]}}