{"id":5811,"date":"2024-04-12T08:52:00","date_gmt":"2024-04-12T12:52:00","guid":{"rendered":"https:\/\/jornaloalvorada.com.br\/site\/?p=5811"},"modified":"2024-05-15T15:15:57","modified_gmt":"2024-05-15T19:15:57","slug":"previsao-do-tempo-sexta-feira-promete-variacao-de-neblina-e-possiveis-chuvas","status":"publish","type":"post","link":"https:\/\/jornaloalvorada.com.br\/site\/2024\/04\/12\/previsao-do-tempo-sexta-feira-promete-variacao-de-neblina-e-possiveis-chuvas\/","title":{"rendered":"Previs\u00e3o do tempo: sexta-feira promete varia\u00e7\u00e3o de neblina e poss\u00edveis chuvas"},"content":{"rendered":"\n<p>Os sul-mato-grossenses podem se preparar para um final de semana com mudan\u00e7as clim\u00e1ticas significativas. A previs\u00e3o meteorol\u00f3gica para esta sexta-feira (12) indica um dia inicialmente ensolarado, com aumento progressivo da nebulosidade ao longo do per\u00edodo, seguido pela possibilidade de chuvas de intensidade variada.<\/p>\n\n\n\n<p>De acordo com o Cemtec (Centro de Monitoramento do Tempo e do Clima), \u00f3rg\u00e3o do Governo de Mato Grosso do Sul vinculado \u00e0 Semadesc (Secretaria de Meio Ambiente, Desenvolvimento, Ci\u00eancia, Tecnologia e Inova\u00e7\u00e3o), as instabilidades atmosf\u00e9ricas ser\u00e3o influenciadas pela atua\u00e7\u00e3o de uma \u00e1rea de baixa press\u00e3o sobre o Paraguai.<\/p>\n\n\n\n<p>Tal situa\u00e7\u00e3o, combinada com o calor e a umidade caracter\u00edsticos da regi\u00e3o, contribuem na forma\u00e7\u00e3o do mau tempo. Al\u00e9m disso, o deslocamento de cavados e uma frente fria oce\u00e2nica contribuir\u00e3o para a forma\u00e7\u00e3o de nuvens e precipita\u00e7\u00f5es em todo o Mato Grosso do Sul.<\/p>\n\n\n\n<p>As regi\u00f5es norte, centro e oeste do Estado devem estar mais propensas a receber chuvas mais intensas, acompanhadas de raios e rajadas de vento. As temperaturas m\u00e1ximas devem variar entre 28\u00b0C e 30\u00b0C na maior parte de Mato Grosso do Sul, com destaque para o nordeste e sudeste, onde podem alcan\u00e7ar at\u00e9 34\u00b0C.<\/p>\n\n\n\n<p>Na regi\u00e3o sul, a temperatura m\u00ednima deve ser de 21\u00b0C , com m\u00e1xima de 30\u00b0C. J\u00e1 nas regi\u00f5es sudoeste, norte e pantaneira, as m\u00ednimas devem ficar entre 23\u00b0C e 25\u00b0C, com m\u00e1ximas entre 28\u00b0C e 31\u00b0C. Nas regi\u00f5es sudeste, Bols\u00e3o e leste, as m\u00ednimas esperadas s\u00e3o de 23\u00b0C a 25\u00b0C, com m\u00e1ximas de at\u00e9 33\u00b0C a 34\u00b0C.<\/p>\n\n\n\n<p>Em Campo Grande, a previs\u00e3o aponta m\u00ednima de 21\u00b0C e m\u00e1xima de 30\u00b0C. Quanto aos ventos, eles devem predominar entre o quadrante norte e leste, com velocidades entre 30 km\/h e 50 km\/h, podendo ocorrer rajadas mais intensas em pontos isolados.<\/p>\n\n\n\n<p><em>Comunica\u00e7\u00e3o Governo de MS<\/em><br><em>Foto: \u00c1lvaro Rezende<\/em><\/p>\n","protected":false},"excerpt":{"rendered":"<p>Os sul-mato-grossenses podem se preparar para um final de semana com mudan\u00e7as clim\u00e1ticas significativas. A previs\u00e3o meteorol\u00f3gica para esta sexta-feira<\/p>\n","protected":false},"author":1,"featured_media":5466,"comment_status":"open","ping_status":"open","sticky":false,"template":"","format":"standard","meta":{"footnotes":""},"categories":[2],"tags":[],"class_list":["post-5811","post","type-post","status-publish","format-standard","has-post-thumbnail","hentry","category-noticias"],"_links":{"self":[{"href":"https:\/\/jornaloalvorada.com.br\/site\/wp-json\/wp\/v2\/posts\/5811","targetHints":{"allow":["GET"]}}],"collection":[{"href":"https:\/\/jornaloalvorada.com.br\/site\/wp-json\/wp\/v2\/posts"}],"about":[{"href":"https:\/\/jornaloalvorada.com.br\/site\/wp-json\/wp\/v2\/types\/post"}],"author":[{"embeddable":true,"href":"https:\/\/jornaloalvorada.com.br\/site\/wp-json\/wp\/v2\/users\/1"}],"replies":[{"embeddable":true,"href":"https:\/\/jornaloalvorada.com.br\/site\/wp-json\/wp\/v2\/comments?post=5811"}],"version-history":[{"count":1,"href":"https:\/\/jornaloalvorada.com.br\/site\/wp-json\/wp\/v2\/posts\/5811\/revisions"}],"predecessor-version":[{"id":5812,"href":"https:\/\/jornaloalvorada.com.br\/site\/wp-json\/wp\/v2\/posts\/5811\/revisions\/5812"}],"wp:featuredmedia":[{"embeddable":true,"href":"https:\/\/jornaloalvorada.com.br\/site\/wp-json\/wp\/v2\/media\/5466"}],"wp:attachment":[{"href":"https:\/\/jornaloalvorada.com.br\/site\/wp-json\/wp\/v2\/media?parent=5811"}],"wp:term":[{"taxonomy":"category","embeddable":true,"href":"https:\/\/jornaloalvorada.com.br\/site\/wp-json\/wp\/v2\/categories?post=5811"},{"taxonomy":"post_tag","embeddable":true,"href":"https:\/\/jornaloalvorada.com.br\/site\/wp-json\/wp\/v2\/tags?post=5811"}],"curies":[{"name":"wp","href":"https:\/\/api.w.org\/{rel}","templated":true}]}}