{"id":5800,"date":"2024-04-11T15:12:32","date_gmt":"2024-04-11T19:12:32","guid":{"rendered":"https:\/\/jornaloalvorada.com.br\/site\/?p=5800"},"modified":"2024-05-15T15:12:05","modified_gmt":"2024-05-15T19:12:05","slug":"ms-colhe-a-maior-safra-de-cana-de-sua-historia-e-bate-recorde-de-producao-de-acucar-e-etanol","status":"publish","type":"post","link":"https:\/\/jornaloalvorada.com.br\/site\/2024\/04\/11\/ms-colhe-a-maior-safra-de-cana-de-sua-historia-e-bate-recorde-de-producao-de-acucar-e-etanol\/","title":{"rendered":"MS colhe a maior safra de cana de sua hist\u00f3ria e bate recorde de produ\u00e7\u00e3o de a\u00e7\u00facar e etanol"},"content":{"rendered":"\n<p>A safra 2023\/2024 foi a maior da cultura da cana-de-a\u00e7\u00facar em Mato Grosso do Sul. O estado processou 52,4 milh\u00f5es de toneladas de mat\u00e9ria-prima, 17,48% a mais que na temporada passada, quando o parque sucroenerg\u00e9tico moeu 44,6 milh\u00f5es de toneladas.<\/p>\n\n\n\n<p>Os dados foram apresentados nesta quarta-feira (10), pelo presidente do Conselho da Associa\u00e7\u00e3o dos Produtores de Bioenergia de Mato Grosso do Sul (Biosul), Amaury Pekelman, na abertura do Expocanas, em Nova Alvorada do Sul, 115 quil\u00f4metros de Campo Grande.<\/p>\n\n\n\n<p>Com maior quantidade de mat\u00e9ria-prima, a safra 23\/24, encerrada oficialmente no dia 31 de mar\u00e7o, registrou um processamento de 2,2 milh\u00f5es de toneladas de a\u00e7\u00facar (novo recorde do estado). A quantidade \u00e9 46,6% maior do que as 1,5 milh\u00f5es de toneladas do ciclo anterior.<\/p>\n\n\n\n<figure class=\"wp-block-image\"><img decoding=\"async\" src=\"https:\/\/riobrilhanteinforma.com.br\/envios\/2024\/04\/11\/5ffcd4df21b3b441c58eeea93fb2b4a7.jpg\" alt=\"\"\/><\/figure>\n\n\n\n<p>Ao mesmo tempo em que apresentou os n\u00fameros positivos do ciclo fechado, o presidente do Conselho da Biosul adiantou tamb\u00e9m as previs\u00f5es para a nova temporada, 2024\/2025, que come\u00e7ou no dia 1\u00ba de abril.<\/p>\n\n\n\n<p>A proje\u00e7\u00e3o inicial \u00e9 de um processamento de 53,1 milh\u00f5es de toneladas de cana, fabrica\u00e7\u00e3o de 4,5 bilh\u00f5es de litros de etanol, 2,5 milh\u00f5es de toneladas de a\u00e7\u00facar e 2,5 milh\u00f5es de MWh de bioeletricidade.<\/p>\n\n\n\n<p>Neste ciclo, a previs\u00e3o, conforme Pekelman, \u00e9 da entrada em opera\u00e7\u00e3o de novas unidades de produ\u00e7\u00e3o, uma participa\u00e7\u00e3o ainda maior do milho no mix de produ\u00e7\u00e3o do etanol e das empresas produzirem no estado novos produtos, como biog\u00e1s e biometano.<\/p>\n\n\n\n<p><em>Fonte: Rio Brilhante Informa<\/em><\/p>\n","protected":false},"excerpt":{"rendered":"<p>A safra 2023\/2024 foi a maior da cultura da cana-de-a\u00e7\u00facar em Mato Grosso do Sul. O estado processou 52,4 milh\u00f5es<\/p>\n","protected":false},"author":1,"featured_media":5801,"comment_status":"open","ping_status":"open","sticky":false,"template":"","format":"standard","meta":{"footnotes":""},"categories":[2],"tags":[],"class_list":["post-5800","post","type-post","status-publish","format-standard","has-post-thumbnail","hentry","category-noticias"],"_links":{"self":[{"href":"https:\/\/jornaloalvorada.com.br\/site\/wp-json\/wp\/v2\/posts\/5800","targetHints":{"allow":["GET"]}}],"collection":[{"href":"https:\/\/jornaloalvorada.com.br\/site\/wp-json\/wp\/v2\/posts"}],"about":[{"href":"https:\/\/jornaloalvorada.com.br\/site\/wp-json\/wp\/v2\/types\/post"}],"author":[{"embeddable":true,"href":"https:\/\/jornaloalvorada.com.br\/site\/wp-json\/wp\/v2\/users\/1"}],"replies":[{"embeddable":true,"href":"https:\/\/jornaloalvorada.com.br\/site\/wp-json\/wp\/v2\/comments?post=5800"}],"version-history":[{"count":1,"href":"https:\/\/jornaloalvorada.com.br\/site\/wp-json\/wp\/v2\/posts\/5800\/revisions"}],"predecessor-version":[{"id":5802,"href":"https:\/\/jornaloalvorada.com.br\/site\/wp-json\/wp\/v2\/posts\/5800\/revisions\/5802"}],"wp:featuredmedia":[{"embeddable":true,"href":"https:\/\/jornaloalvorada.com.br\/site\/wp-json\/wp\/v2\/media\/5801"}],"wp:attachment":[{"href":"https:\/\/jornaloalvorada.com.br\/site\/wp-json\/wp\/v2\/media?parent=5800"}],"wp:term":[{"taxonomy":"category","embeddable":true,"href":"https:\/\/jornaloalvorada.com.br\/site\/wp-json\/wp\/v2\/categories?post=5800"},{"taxonomy":"post_tag","embeddable":true,"href":"https:\/\/jornaloalvorada.com.br\/site\/wp-json\/wp\/v2\/tags?post=5800"}],"curies":[{"name":"wp","href":"https:\/\/api.w.org\/{rel}","templated":true}]}}