{"id":5784,"date":"2024-04-11T15:02:41","date_gmt":"2024-04-11T19:02:41","guid":{"rendered":"https:\/\/jornaloalvorada.com.br\/site\/?p=5784"},"modified":"2024-05-15T15:12:15","modified_gmt":"2024-05-15T19:12:15","slug":"juiz-mantem-bloqueio-de-r-277-mi-de-reinaldo-e-rodrigo-mas-libera-da-esposa-e-dois-filhos","status":"publish","type":"post","link":"https:\/\/jornaloalvorada.com.br\/site\/2024\/04\/11\/juiz-mantem-bloqueio-de-r-277-mi-de-reinaldo-e-rodrigo-mas-libera-da-esposa-e-dois-filhos\/","title":{"rendered":"Juiz mant\u00e9m bloqueio de R$ 277 mi de Reinaldo e Rodrigo, mas libera da esposa e dois filhos"},"content":{"rendered":"\n<p>O juiz Eduardo Eug\u00eanio Siravegna J\u00fanior, da 2\u00aa Vara Criminal de Campo Grande, manteve o bloqueio de R$ 277 milh\u00f5es do ex-governador Reinaldo Azambuja (PSDB) e do filho, o advogado Rodrigo Souza e Silva. Os dois foram alvos e denunciados na Opera\u00e7\u00e3o Vostok pelo suposto pagamento de R$ 67,791 milh\u00f5es em propinas pela JBS em troca de incentivos fiscais concedidos pelo Estado de Mato Grosso do Sul nos anos de 2015 e 2016.<\/p>\n\n\n\n<p>Por outro lado, conforme O Jacar\u00e9 apurou, o magistrado liberou os bens e contas de tr\u00eas pessoas f\u00edsicas, a esposa do tucano, F\u00e1tima Alves de Souza Silva, e de dois filhos, Rafael Souza e Silva e Tiago Souza e Silva. Tamb\u00e9m foi mantido o sequestro dos im\u00f3veis em nome da Agropecu\u00e1ria Taquaru\u00e7u.<\/p>\n\n\n\n<p>O presidente regional do PSDB e a fam\u00edlia tiveram os bens bloqueados em 12 de setembro de 2018 pelo ministro F\u00e9lix Fischer, relator da Opera\u00e7\u00e3o Vostok no Superior Tribunal de Justi\u00e7a. Eles recorreram, mas a Corte Especial manteve o sequestro de bens de Reinaldo, da esposa e dos tr\u00eas filhos em julgamento realizado no dia 15 de setembro de 2021.<\/p>\n\n\n\n<p>Na oportunidade, Reinaldo pediu a libera\u00e7\u00e3o dos bens sob a alega\u00e7\u00e3o de que a esposa e os dois filhos n\u00e3o foram denunciados pela ent\u00e3o vice-procuradora-geral da Rep\u00fablica, Lind\u00f4ra Ara\u00fajo, no dia 15 de outubro de 2020. O MPF acusou o ex-governador e o filho Rodrigo de corrup\u00e7\u00e3o passiva, organiza\u00e7\u00e3o criminosa e lavagem de dinheiro.<\/p>\n\n\n\n<p>Como o tucano perdeu o foro privilegiado, a a\u00e7\u00e3o penal foi encaminhada para a Justi\u00e7a Estadual. Inicialmente, o processo foi conduzido pelo juiz Olivar Augusto Roberti Coneglian, ent\u00e3o titular da 2\u00aa Vara Criminal. Ele deixou a unidade e o processo passou a ser conduzido pelo juiz Eduardo Eug\u00eanio Siravegna J\u00fanior.<\/p>\n\n\n\n<p>A a\u00e7\u00e3o cautelar tramita em sigilo, assim como a a\u00e7\u00e3o penal contra o ex-governador. \u201cIntima-se o advogado Gustavo Passarelli da Silva, OAB\/MS de n. 7.602, do inteiro teor da senten\u00e7a de fls. 1599\/1613\u201d, determinou Siravegna em despacho sucinto e misterioso publicado no Di\u00e1rio Oficial da Justi\u00e7a desta quarta-feira (10).<\/p>\n\n\n\n<p>\u201cNa verdade, o deferimento da libera\u00e7\u00e3o dos bens foi parcial, todavia, entendemos que comportaria o deferimento total do pedido, de modo que apresentaremos o recurso, em tempo h\u00e1bil para tanto\u201d, informou Gustavo Passarelli da Silva. Ele dever\u00e1 recorrer ao Tribunal de Justi\u00e7a de Mato Grosso do Sul para liberar os bens de Reinaldo, de Rodrigo e da agropecu\u00e1ria.<\/p>\n\n\n\n<p>O defensor lamentou o longo tempo do sequestro dos bens do presidente regional do PSDB, que est\u00e1 caminhando para completar seis anos em setembro. \u201cCom certeza, tempo excessivo, sem qualquer prova de il\u00edcito praticado pelo nosso cliente\u201d, lamentou Passarelli.<\/p>\n\n\n\n<p>Al\u00e9m de Reinaldo e Rodrigo, o Minist\u00e9rio P\u00fablico denunciou mais 22 pessoas, como o deputado estadual Z\u00e9 Teixeira (PSDB), o prefeito de Porto Murtinho, Nelson Cintra (PSDB), o poderos\u00edssimo empres\u00e1rio Jo\u00e3o Roberto Baird, o corretor de gado Jos\u00e9 Ricardo Guitt\u00ed Gu\u00edmaro, o Polaco, o milion\u00e1rio Ant\u00f4nio Celso Cortez, o ex-secret\u00e1rio de Fazenda e atual conselheiro do Tribunal de Contas, M\u00e1rcio Monteiro, entre outros.<\/p>\n\n\n\n<p>O STJ recebeu a den\u00fancia no dia 15 de outubro de 2020 e a desmembrou em fevereiro de 2021, mantendo apenas Reinaldo no STJ. No entanto, o tucano perdeu o foro especial ao deixar o cargo de governador e a A\u00e7\u00e3o Penal 980 tamb\u00e9m foi encaminhada para a 2\u00aa Vara Criminal de Campo Grande. O juiz ainda vai decidir se aceita, pede novas dilig\u00eancias ou rejeita a den\u00fancia contra os 22. Os irm\u00e3os Joesley e Wesley Batista foram exclu\u00eddos.<\/p>\n\n\n\n<p>Apesar do esc\u00e2ndalo, Reinaldo \u00e9 apontado como favorit\u00edssimo na disputa do Senado em 2026. Nos bastidores da pol\u00edtica sul-mato-grossense, a d\u00favida \u00e9 quem ser\u00e1 o companheiro do tucano, j\u00e1 que s\u00e3o duas vagas.<\/p>\n\n\n\n<p><em>Fonte: O Jacar\u00e9<\/em><\/p>\n","protected":false},"excerpt":{"rendered":"<p>O juiz Eduardo Eug\u00eanio Siravegna J\u00fanior, da 2\u00aa Vara Criminal de Campo Grande, manteve o bloqueio de R$ 277 milh\u00f5es<\/p>\n","protected":false},"author":1,"featured_media":5785,"comment_status":"open","ping_status":"open","sticky":false,"template":"","format":"standard","meta":{"footnotes":""},"categories":[2],"tags":[],"class_list":["post-5784","post","type-post","status-publish","format-standard","has-post-thumbnail","hentry","category-noticias"],"_links":{"self":[{"href":"https:\/\/jornaloalvorada.com.br\/site\/wp-json\/wp\/v2\/posts\/5784","targetHints":{"allow":["GET"]}}],"collection":[{"href":"https:\/\/jornaloalvorada.com.br\/site\/wp-json\/wp\/v2\/posts"}],"about":[{"href":"https:\/\/jornaloalvorada.com.br\/site\/wp-json\/wp\/v2\/types\/post"}],"author":[{"embeddable":true,"href":"https:\/\/jornaloalvorada.com.br\/site\/wp-json\/wp\/v2\/users\/1"}],"replies":[{"embeddable":true,"href":"https:\/\/jornaloalvorada.com.br\/site\/wp-json\/wp\/v2\/comments?post=5784"}],"version-history":[{"count":1,"href":"https:\/\/jornaloalvorada.com.br\/site\/wp-json\/wp\/v2\/posts\/5784\/revisions"}],"predecessor-version":[{"id":5786,"href":"https:\/\/jornaloalvorada.com.br\/site\/wp-json\/wp\/v2\/posts\/5784\/revisions\/5786"}],"wp:featuredmedia":[{"embeddable":true,"href":"https:\/\/jornaloalvorada.com.br\/site\/wp-json\/wp\/v2\/media\/5785"}],"wp:attachment":[{"href":"https:\/\/jornaloalvorada.com.br\/site\/wp-json\/wp\/v2\/media?parent=5784"}],"wp:term":[{"taxonomy":"category","embeddable":true,"href":"https:\/\/jornaloalvorada.com.br\/site\/wp-json\/wp\/v2\/categories?post=5784"},{"taxonomy":"post_tag","embeddable":true,"href":"https:\/\/jornaloalvorada.com.br\/site\/wp-json\/wp\/v2\/tags?post=5784"}],"curies":[{"name":"wp","href":"https:\/\/api.w.org\/{rel}","templated":true}]}}