{"id":5778,"date":"2024-04-11T09:39:25","date_gmt":"2024-04-11T13:39:25","guid":{"rendered":"https:\/\/jornaloalvorada.com.br\/site\/?p=5778"},"modified":"2024-05-15T15:11:59","modified_gmt":"2024-05-15T19:11:59","slug":"governador-eduardo-riedel-anuncia-investimento-de-mais-e-350-milhoes-durante-entrevista-na-expocanas","status":"publish","type":"post","link":"https:\/\/jornaloalvorada.com.br\/site\/2024\/04\/11\/governador-eduardo-riedel-anuncia-investimento-de-mais-e-350-milhoes-durante-entrevista-na-expocanas\/","title":{"rendered":"Governador Eduardo Riedel anuncia investimento de mais e 350 milh\u00f5es durante entrevista na Expocanas"},"content":{"rendered":"\n<p>Confira a nossa entrevista ao lado do nosso parceiro Governador Eduardo Riedel, durante a Expocanas e anunciando um investimento de mais de 350 milh\u00f5es de reais, que ser\u00e3o realizados pelo grupo Atvos em Nova Alvorada do Sul.<\/p>\n\n\n\n<p>\u00c9 isto mesmo meus amigos, Nova Alvorada do Sul, est\u00e1 na rota do desenvolvimento do nosso MS e hoje \u00e9 respeitada a n\u00edvel estadual e nacional.<\/p>\n\n\n\n<iframe loading=\"lazy\" src=\"https:\/\/www.facebook.com\/plugins\/video.php?height=315&#038;href=https%3A%2F%2Fwww.facebook.com%2Fjppaleari%2Fvideos%2F438581142005957%2F&#038;show_text=false&#038;width=560&#038;t=0\" width=\"560\" height=\"315\" style=\"border:none;overflow:hidden\" scrolling=\"no\" frameborder=\"0\" allowfullscreen=\"true\" allow=\"autoplay; clipboard-write; encrypted-media; picture-in-picture; web-share\" allowFullScreen=\"true\"><\/iframe>\n","protected":false},"excerpt":{"rendered":"<p>Confira a nossa entrevista ao lado do nosso parceiro Governador Eduardo Riedel, durante a Expocanas e anunciando um investimento de<\/p>\n","protected":false},"author":1,"featured_media":5779,"comment_status":"open","ping_status":"open","sticky":false,"template":"","format":"standard","meta":{"footnotes":""},"categories":[2],"tags":[],"class_list":["post-5778","post","type-post","status-publish","format-standard","has-post-thumbnail","hentry","category-noticias"],"_links":{"self":[{"href":"https:\/\/jornaloalvorada.com.br\/site\/wp-json\/wp\/v2\/posts\/5778","targetHints":{"allow":["GET"]}}],"collection":[{"href":"https:\/\/jornaloalvorada.com.br\/site\/wp-json\/wp\/v2\/posts"}],"about":[{"href":"https:\/\/jornaloalvorada.com.br\/site\/wp-json\/wp\/v2\/types\/post"}],"author":[{"embeddable":true,"href":"https:\/\/jornaloalvorada.com.br\/site\/wp-json\/wp\/v2\/users\/1"}],"replies":[{"embeddable":true,"href":"https:\/\/jornaloalvorada.com.br\/site\/wp-json\/wp\/v2\/comments?post=5778"}],"version-history":[{"count":1,"href":"https:\/\/jornaloalvorada.com.br\/site\/wp-json\/wp\/v2\/posts\/5778\/revisions"}],"predecessor-version":[{"id":5780,"href":"https:\/\/jornaloalvorada.com.br\/site\/wp-json\/wp\/v2\/posts\/5778\/revisions\/5780"}],"wp:featuredmedia":[{"embeddable":true,"href":"https:\/\/jornaloalvorada.com.br\/site\/wp-json\/wp\/v2\/media\/5779"}],"wp:attachment":[{"href":"https:\/\/jornaloalvorada.com.br\/site\/wp-json\/wp\/v2\/media?parent=5778"}],"wp:term":[{"taxonomy":"category","embeddable":true,"href":"https:\/\/jornaloalvorada.com.br\/site\/wp-json\/wp\/v2\/categories?post=5778"},{"taxonomy":"post_tag","embeddable":true,"href":"https:\/\/jornaloalvorada.com.br\/site\/wp-json\/wp\/v2\/tags?post=5778"}],"curies":[{"name":"wp","href":"https:\/\/api.w.org\/{rel}","templated":true}]}}