{"id":5775,"date":"2024-04-11T09:34:41","date_gmt":"2024-04-11T13:34:41","guid":{"rendered":"https:\/\/jornaloalvorada.com.br\/site\/?p=5775"},"modified":"2024-05-15T15:12:32","modified_gmt":"2024-05-15T19:12:32","slug":"estudo-mundial-revela-qual-e-o-tamanho-medio-do-orgao-genital-masculino-e-surpreende-veja-ranking","status":"publish","type":"post","link":"https:\/\/jornaloalvorada.com.br\/site\/2024\/04\/11\/estudo-mundial-revela-qual-e-o-tamanho-medio-do-orgao-genital-masculino-e-surpreende-veja-ranking\/","title":{"rendered":"Estudo mundial revela qual \u00e9 o tamanho m\u00e9dio do \u00f3rg\u00e3o genital masculino e surpreende; VEJA RANKING"},"content":{"rendered":"\n<p>Um grupo de pesquisadores da Alemanha divulgou, nessa segunda-feira (8\/4), um ranking mundial com os tamanhos m\u00e9dios de \u00f3rg\u00e3o genital de homens de todo o mundo. No Equador, pa\u00eds onde os homens t\u00eam os membros mais avantajados, o tamanho m\u00e9dio chega a 17,6 cm.<\/p>\n\n\n\n<p>\u201cNenhum outro assunto abordado no site WorldData.com gerou tantas perguntas quanto o tamanho m\u00e9dio da genit\u00e1lia masculina. Essa compara\u00e7\u00e3o internacional agora oferece informa\u00e7\u00f5es b\u00e1sicas sobre as dimens\u00f5es m\u00e9dias por pa\u00eds\u201d, afirmaram os pesquisadores respons\u00e1veis pelo estudo.<\/p>\n\n\n\n<p>Para compilar a lista, os pesquisadores do site analisaram mais de 40 estudos recentes sobre o tema, envolvendo milhares de homens em cerca de 90 pa\u00edses.<\/p>\n\n\n\n<p>Eles descobriram que o tamanho m\u00e9dio do \u00f3rg\u00e3o genital \u00e9 de cerca de 13,58 cm. O Brasil sequer entrou na lista dos 20 pa\u00edses com os maiores \u00f3rg\u00e3os genitais, ocupando apenas a 23\u00aa posi\u00e7\u00e3o. Os Estados Unidos ficaram na 60\u00aa posi\u00e7\u00e3o, com um tamanho m\u00e9dio de 13,5 cm, e o Reino Unido em 68\u00ba lugar, com cerca de 13,1 cm. No outro extremo da lista est\u00e1 o Camboja, com 10,04 cm.<\/p>\n\n\n\n<p>A medida levou em considera\u00e7\u00e3o o comprimento entre a base da haste at\u00e9 a ponta da cabe\u00e7a do \u00f3rg\u00e3o genital ereto. Nos casos em que os participantes apresentavam uma camada de gordura acima do \u00f3rg\u00e3o genital , esta era levemente comprimida para auxiliar nas medi\u00e7\u00f5es mais precisas. Os cientistas evitaram usar estudos em que os homens autorrelatassem o tamanho do \u00f3rg\u00e3o genital.<\/p>\n\n\n\n<p>\u00c9 comum ouvir que o comprimento do membro masculino pode ser determinado pelo tamanho de outras partes do corpo, como o p\u00e9 ou o comprimento do dedo indicador.<\/p>\n\n\n\n<p>Nenhum dos estudos mostrou conex\u00e3o entre o tamanho do \u00f3rg\u00e3o genital com o do sapato, e as evid\u00eancias analisadas sobre a liga\u00e7\u00e3o com o comprimento do dedo indicador foram consideradas fracas.<\/p>\n\n\n\n<p>Alguns estudos analisados sugeriram uma correla\u00e7\u00e3o entre a altura do homem e o comprimento do \u00f3rg\u00e3o genital, mas os pesquisadores alem\u00e3es tamb\u00e9m consideraram a rela\u00e7\u00e3o fr\u00e1gil.<\/p>\n\n\n\n<p>\u201cA tabela pode confirmar isso at\u00e9 certo ponto. Os comprimentos mais curtos s\u00e3o encontrados em pa\u00edses com tamanho corporal igualmente pequeno. Por\u00e9m, a partir de um comprimento ereto de cerca de 12 cm, nenhuma rela\u00e7\u00e3o pode ser detectada\u201d, escrevem.<\/p>\n\n\n\n<h4 class=\"wp-block-heading\">Veja o ranking<\/h4>\n\n\n\n<ol class=\"wp-block-list\">\n<li>Equador (17,61 cm)<\/li>\n\n\n\n<li>Camar\u00f5es (16,67 cm)<\/li>\n\n\n\n<li>Bol\u00edvia (16,51 cm)<\/li>\n\n\n\n<li>Sud\u00e3o (16,47 cm)<\/li>\n\n\n\n<li>Haiti (16 cm)<\/li>\n\n\n\n<li>Senegal (15,89 cm)<\/li>\n\n\n\n<li>G\u00e2mbia (15,88 cm)<\/li>\n\n\n\n<li>Cuba (15,87 cm)<\/li>\n\n\n\n<li>Pa\u00edses Baixos (15,87 cm)<\/li>\n\n\n\n<li>Z\u00e2mbia (15,78 cm)<\/li>\n\n\n\n<li>Fran\u00e7a (15,74 cm)<\/li>\n\n\n\n<li>Angola (15,73 cm)<\/li>\n\n\n\n<li>Canad\u00e1 (15,71 cm)<\/li>\n\n\n\n<li>Egito (15,69 cm)<\/li>\n\n\n\n<li>Zimb\u00e1bue (15,68 cm)<\/li>\n\n\n\n<li>Georgia (15,61 cm)<\/li>\n\n\n\n<li>Paraguai (15,53 cm)<\/li>\n\n\n\n<li>Chade (15,39 cm)<\/li>\n\n\n\n<li>It\u00e1lia (15,35 cm)<\/li>\n\n\n\n<li>Rep\u00fablica Centro-Africana (15,33 cm)<\/li>\n\n\n\n<li>Col\u00f4mbia (15,26 cm)<\/li>\n\n\n\n<li>Costa do Marfim (15,22 cm)<\/li>\n\n\n\n<li>Brasil (15,22 cm)<\/li>\n\n\n\n<li>Su\u00e9cia (15,08 cm)<\/li>\n\n\n\n<li>Bulg\u00e1ria (15,02 cm)<\/li>\n<\/ol>\n\n\n\n<p><strong><em>Fonte: Terra Brasil Not\u00edcias<\/em><\/strong><\/p>\n","protected":false},"excerpt":{"rendered":"<p>Um grupo de pesquisadores da Alemanha divulgou, nessa segunda-feira (8\/4), um ranking mundial com os tamanhos m\u00e9dios de \u00f3rg\u00e3o genital<\/p>\n","protected":false},"author":1,"featured_media":5776,"comment_status":"open","ping_status":"open","sticky":false,"template":"","format":"standard","meta":{"footnotes":""},"categories":[2],"tags":[],"class_list":["post-5775","post","type-post","status-publish","format-standard","has-post-thumbnail","hentry","category-noticias"],"_links":{"self":[{"href":"https:\/\/jornaloalvorada.com.br\/site\/wp-json\/wp\/v2\/posts\/5775","targetHints":{"allow":["GET"]}}],"collection":[{"href":"https:\/\/jornaloalvorada.com.br\/site\/wp-json\/wp\/v2\/posts"}],"about":[{"href":"https:\/\/jornaloalvorada.com.br\/site\/wp-json\/wp\/v2\/types\/post"}],"author":[{"embeddable":true,"href":"https:\/\/jornaloalvorada.com.br\/site\/wp-json\/wp\/v2\/users\/1"}],"replies":[{"embeddable":true,"href":"https:\/\/jornaloalvorada.com.br\/site\/wp-json\/wp\/v2\/comments?post=5775"}],"version-history":[{"count":1,"href":"https:\/\/jornaloalvorada.com.br\/site\/wp-json\/wp\/v2\/posts\/5775\/revisions"}],"predecessor-version":[{"id":5777,"href":"https:\/\/jornaloalvorada.com.br\/site\/wp-json\/wp\/v2\/posts\/5775\/revisions\/5777"}],"wp:featuredmedia":[{"embeddable":true,"href":"https:\/\/jornaloalvorada.com.br\/site\/wp-json\/wp\/v2\/media\/5776"}],"wp:attachment":[{"href":"https:\/\/jornaloalvorada.com.br\/site\/wp-json\/wp\/v2\/media?parent=5775"}],"wp:term":[{"taxonomy":"category","embeddable":true,"href":"https:\/\/jornaloalvorada.com.br\/site\/wp-json\/wp\/v2\/categories?post=5775"},{"taxonomy":"post_tag","embeddable":true,"href":"https:\/\/jornaloalvorada.com.br\/site\/wp-json\/wp\/v2\/tags?post=5775"}],"curies":[{"name":"wp","href":"https:\/\/api.w.org\/{rel}","templated":true}]}}