{"id":5731,"date":"2024-04-10T08:06:22","date_gmt":"2024-04-10T12:06:22","guid":{"rendered":"https:\/\/jornaloalvorada.com.br\/site\/?p=5731"},"modified":"2024-05-15T15:07:41","modified_gmt":"2024-05-15T19:07:41","slug":"tempo-permanece-instavel-e-ms-tem-probabilidade-de-chuvas-nesta-quarta-feira","status":"publish","type":"post","link":"https:\/\/jornaloalvorada.com.br\/site\/2024\/04\/10\/tempo-permanece-instavel-e-ms-tem-probabilidade-de-chuvas-nesta-quarta-feira\/","title":{"rendered":"Tempo permanece inst\u00e1vel e MS tem probabilidade de chuvas nesta quarta-feira"},"content":{"rendered":"\n<p>Para esta quarta-feira (10), a previs\u00e3o do Cemtec (Centro de Monitoramento do Tempo e do Clima) indica tempo inst\u00e1vel em grande parte de Mato Grosso do Sul. Assim, existe a probabilidade de chuvas de intensidade fraca a moderada e, pontualmente, podem ocorrer tempestades acompanhadas de raios e rajadas de vento.<\/p>\n\n\n\n<p>Tais instabilidades ocorrem devido a atua\u00e7\u00e3o de uma \u00e1rea de baixa press\u00e3o sobre o Paraguai, aliada a disponibilidade de umidade. Al\u00e9m disso, o deslocamento de cavados e a aproxima\u00e7\u00e3o de uma frente fria favorecem a forma\u00e7\u00e3o de nuvens e chuvas.<\/p>\n\n\n\n<p>Nesta quarta, Campo Grande amanhece com 23\u00b0C e atinge 29\u00b0C nos hor\u00e1rios mais quentes. Em Dourados, a m\u00ednima \u00e9 de 22\u00b0C e a m\u00e1xima de 31\u00b0C. Na regi\u00e3o Sul-Fronteira, Ponta Por\u00e3 apresenta varia\u00e7\u00e3o entre 21\u00b0C e 28\u00b0C. Anauril\u00e2ndia e Iguatemi registram m\u00ednimas de 22\u00b0C, com m\u00e1ximas respectivas de 30\u00b0C e 31\u00b0C.<\/p>\n\n\n\n<p>Porto Murtinho, no Sudoeste, tem m\u00ednima de 25\u00b0C e m\u00e1xima de 29\u00b0C. No Pantanal, os term\u00f4metros em Corumb\u00e1 marcam 26\u00b0C inicialmente e chegam a 30\u00b0C; Aquidauana, na mesma regi\u00e3o, tem 24\u00b0C pela manh\u00e3 e 30\u00b0C \u00e0 tarde.<\/p>\n\n\n\n<p>Na regi\u00e3o Norte, Camapu\u00e3 e Coxim t\u00eam m\u00ednimas de 23\u00b0C, com m\u00e1ximas de 29\u00b0C e 31\u00b0C, respectivamente. No Bols\u00e3o, os valores em Parana\u00edba variam entre 23\u00b0C e 30\u00b0C, j\u00e1 em Tr\u00eas Lagoas, o dia tem in\u00edcio com 24\u00b0C e atinge at\u00e9 31\u00b0C.<\/p>\n\n\n\n<p><em>Heloisa Duim, Programa de Est\u00e1gio Supervisionado<\/em><br><em>Foto: \u00c1lvaro Rezende<\/em><\/p>\n","protected":false},"excerpt":{"rendered":"<p>Para esta quarta-feira (10), a previs\u00e3o do Cemtec (Centro de Monitoramento do Tempo e do Clima) indica tempo inst\u00e1vel em<\/p>\n","protected":false},"author":1,"featured_media":5732,"comment_status":"open","ping_status":"open","sticky":false,"template":"","format":"standard","meta":{"footnotes":""},"categories":[2],"tags":[],"class_list":["post-5731","post","type-post","status-publish","format-standard","has-post-thumbnail","hentry","category-noticias"],"_links":{"self":[{"href":"https:\/\/jornaloalvorada.com.br\/site\/wp-json\/wp\/v2\/posts\/5731","targetHints":{"allow":["GET"]}}],"collection":[{"href":"https:\/\/jornaloalvorada.com.br\/site\/wp-json\/wp\/v2\/posts"}],"about":[{"href":"https:\/\/jornaloalvorada.com.br\/site\/wp-json\/wp\/v2\/types\/post"}],"author":[{"embeddable":true,"href":"https:\/\/jornaloalvorada.com.br\/site\/wp-json\/wp\/v2\/users\/1"}],"replies":[{"embeddable":true,"href":"https:\/\/jornaloalvorada.com.br\/site\/wp-json\/wp\/v2\/comments?post=5731"}],"version-history":[{"count":1,"href":"https:\/\/jornaloalvorada.com.br\/site\/wp-json\/wp\/v2\/posts\/5731\/revisions"}],"predecessor-version":[{"id":5733,"href":"https:\/\/jornaloalvorada.com.br\/site\/wp-json\/wp\/v2\/posts\/5731\/revisions\/5733"}],"wp:featuredmedia":[{"embeddable":true,"href":"https:\/\/jornaloalvorada.com.br\/site\/wp-json\/wp\/v2\/media\/5732"}],"wp:attachment":[{"href":"https:\/\/jornaloalvorada.com.br\/site\/wp-json\/wp\/v2\/media?parent=5731"}],"wp:term":[{"taxonomy":"category","embeddable":true,"href":"https:\/\/jornaloalvorada.com.br\/site\/wp-json\/wp\/v2\/categories?post=5731"},{"taxonomy":"post_tag","embeddable":true,"href":"https:\/\/jornaloalvorada.com.br\/site\/wp-json\/wp\/v2\/tags?post=5731"}],"curies":[{"name":"wp","href":"https:\/\/api.w.org\/{rel}","templated":true}]}}