{"id":5724,"date":"2024-04-09T13:05:23","date_gmt":"2024-04-09T17:05:23","guid":{"rendered":"https:\/\/jornaloalvorada.com.br\/site\/?p=5724"},"modified":"2024-04-09T13:05:29","modified_gmt":"2024-04-09T17:05:29","slug":"marco-e-o-10o-mes-consecutivo-mais-quente-ja-registrado","status":"publish","type":"post","link":"https:\/\/jornaloalvorada.com.br\/site\/2024\/04\/09\/marco-e-o-10o-mes-consecutivo-mais-quente-ja-registrado\/","title":{"rendered":"Mar\u00e7o \u00e9 o 10\u00ba m\u00eas consecutivo mais quente j\u00e1 registrado"},"content":{"rendered":"\n<p>A Terra bateu em mar\u00e7o, pelo d\u00e9cimo m\u00eas consecutivo, novo recorde mensal de calor, anunciou nesta ter\u00e7a-feira (9) o programa europeu de observa\u00e7\u00e3o da Terra Copernicus.<\/p>\n\n\n\n<p>As temperaturas do ar e dos oceanos atingiram tamb\u00e9m n\u00edvel&nbsp;m\u00e1ximo hist\u00f3rico neste m\u00eas, de acordo com a ag\u00eancia. Mar\u00e7o teve&nbsp;m\u00e9dia de 14,14\u00ba Celsius (C), ultrapassando o recorde anterior, de 2016, em um d\u00e9cimo de grau.<\/p>\n\n\n\n<p>Foi, al\u00e9m disso, 1,68\u00baC mais quente do que no final do s\u00e9culo 19, a base utilizada para as temperaturas antes de a queima de combust\u00edveis f\u00f3sseis ter come\u00e7ado a crescer rapidamente.<\/p>\n\n\n\n<p>Desde junho passado, o planeta&nbsp;tem batido recordes de calor todos os meses, contribuindo para isso ondas mar\u00edtimas em vastas \u00e1reas oce\u00e2nicas.<\/p>\n\n\n\n<p>Cientistas afirmam que o calor recorde notificado no&nbsp;per\u00edodo n\u00e3o foi uma surpresa devido ao&nbsp;forte El Nino, condi\u00e7\u00e3o clim\u00e1tica que aquece a zona central do Pac\u00edfico e altera os padr\u00f5es clim\u00e1ticos globais.<\/p>\n\n\n\n<p>&#8220;Mas a combina\u00e7\u00e3o do fen\u00f4meno&nbsp;com as ondas de calor mar\u00edtimas n\u00e3o naturais fez com que esses recordes fossem de cortar a respira\u00e7\u00e3o&#8221;, disse&nbsp;a cientista do Centro de Investiga\u00e7\u00e3o Clim\u00e1tica Woodwell, Jennifer Francis.<\/p>\n\n\n\n<p>Com a desacelera\u00e7\u00e3o do El Nino, as margens pelas quais as temperaturas m\u00e9dias globais s\u00e3o ultrapassadas todos os meses dever\u00e3o diminuir, acrescentou Jennifer.<\/p>\n\n\n\n<p>Os cientistas do clima atribu\u00edram a maior parte dos recordes de calor \u00e0s altera\u00e7\u00f5es clim\u00e1ticas provocadas pelo homem, devido \u00e0s emiss\u00f5es de di\u00f3xido de carbono e metano produzidas pela queima de carv\u00e3o, petr\u00f3leo e g\u00e1s natural.<\/p>\n\n\n\n<p>&#8220;A trajet\u00f3ria n\u00e3o vai mudar enquanto as concentra\u00e7\u00f5es de gases de efeito estufa na atmosfera n\u00e3o pararem de aumentar&#8221;, observou&nbsp;Francis.<\/p>\n\n\n\n<p>Sob o Acordo de Paris, de 2015, o mundo estabeleceu o objetivo de manter o aquecimento em&nbsp;um n\u00edvel igual ou inferior a 1,5\u00baC desde os tempos pr\u00e9-industriais.<\/p>\n\n\n\n<p>Os dados de temperatura do Copernicus s\u00e3o mensais e utilizam sistema de medi\u00e7\u00e3o ligeiramente diferente do limiar de Paris, cuja m\u00e9dia \u00e9 calculada ao longo de duas ou tr\u00eas d\u00e9cadas.<\/p>\n\n\n\n<p>A diretora adjunta do Copernicus, Samantha Burgess, afirmou que o recorde de temperatura de mar\u00e7o n\u00e3o foi t\u00e3o excepcional como de outros meses do ano passado, que bateram recordes com margens mais amplas.<\/p>\n\n\n\n<p>&#8220;Tivemos meses recordes que foram ainda mais incomuns&#8221;, disse Burgess, lembrando&nbsp;fevereiro e setembro do ano passado. Mas a &#8220;trajet\u00f3ria n\u00e3o est\u00e1 na dire\u00e7\u00e3o certa&#8221;, acrescentou.<\/p>\n\n\n\n<p>O mundo&nbsp;j\u00e1 registrou 12 meses com temperaturas m\u00e9dias mensais 1,58\u00baC acima do \u00edndice&nbsp;de Paris, de acordo com os dados do Copernicus.<\/p>\n\n\n\n<p>Em mar\u00e7o, a temperatura m\u00e9dia global da superf\u00edcie do mar foi de 21,07\u00baC, o \u00edndice\u00a0mensal mais elevado de que h\u00e1 registro e ligeiramente superior ao de fevereiro.<\/p>\n\n\n\n<p><strong><em>Fonte: Ag\u00eancia Brasil<\/em><\/strong><\/p>\n","protected":false},"excerpt":{"rendered":"<p>A Terra bateu em mar\u00e7o, pelo d\u00e9cimo m\u00eas consecutivo, novo recorde mensal de calor, anunciou nesta ter\u00e7a-feira (9) o programa<\/p>\n","protected":false},"author":1,"featured_media":5725,"comment_status":"open","ping_status":"open","sticky":false,"template":"","format":"standard","meta":{"footnotes":""},"categories":[2],"tags":[],"class_list":["post-5724","post","type-post","status-publish","format-standard","has-post-thumbnail","hentry","category-noticias"],"_links":{"self":[{"href":"https:\/\/jornaloalvorada.com.br\/site\/wp-json\/wp\/v2\/posts\/5724","targetHints":{"allow":["GET"]}}],"collection":[{"href":"https:\/\/jornaloalvorada.com.br\/site\/wp-json\/wp\/v2\/posts"}],"about":[{"href":"https:\/\/jornaloalvorada.com.br\/site\/wp-json\/wp\/v2\/types\/post"}],"author":[{"embeddable":true,"href":"https:\/\/jornaloalvorada.com.br\/site\/wp-json\/wp\/v2\/users\/1"}],"replies":[{"embeddable":true,"href":"https:\/\/jornaloalvorada.com.br\/site\/wp-json\/wp\/v2\/comments?post=5724"}],"version-history":[{"count":1,"href":"https:\/\/jornaloalvorada.com.br\/site\/wp-json\/wp\/v2\/posts\/5724\/revisions"}],"predecessor-version":[{"id":5726,"href":"https:\/\/jornaloalvorada.com.br\/site\/wp-json\/wp\/v2\/posts\/5724\/revisions\/5726"}],"wp:featuredmedia":[{"embeddable":true,"href":"https:\/\/jornaloalvorada.com.br\/site\/wp-json\/wp\/v2\/media\/5725"}],"wp:attachment":[{"href":"https:\/\/jornaloalvorada.com.br\/site\/wp-json\/wp\/v2\/media?parent=5724"}],"wp:term":[{"taxonomy":"category","embeddable":true,"href":"https:\/\/jornaloalvorada.com.br\/site\/wp-json\/wp\/v2\/categories?post=5724"},{"taxonomy":"post_tag","embeddable":true,"href":"https:\/\/jornaloalvorada.com.br\/site\/wp-json\/wp\/v2\/tags?post=5724"}],"curies":[{"name":"wp","href":"https:\/\/api.w.org\/{rel}","templated":true}]}}