{"id":5721,"date":"2024-03-24T17:05:00","date_gmt":"2024-03-24T21:05:00","guid":{"rendered":"https:\/\/jornaloalvorada.com.br\/site\/?p=5721"},"modified":"2024-04-09T09:40:37","modified_gmt":"2024-04-09T13:40:37","slug":"irmaos-brazao-e-delegado-rivaldo-seguem-para-presidio-federal","status":"publish","type":"post","link":"https:\/\/jornaloalvorada.com.br\/site\/2024\/03\/24\/irmaos-brazao-e-delegado-rivaldo-seguem-para-presidio-federal\/","title":{"rendered":"Irm\u00e3os Braz\u00e3o e delegado Rivaldo seguem para pres\u00eddio federal"},"content":{"rendered":"\n<p>Os tr\u00eas presos neste domingo (24), suspeitos de serem os mandantes do assassinato da vereadora Marielle Franco e Anderson Gomes, j\u00e1 est\u00e3o em Bras\u00edlia e ser\u00e3o encaminhados para o pres\u00eddio federal, que fica no complexo penitenci\u00e1rio da Papuda, regi\u00e3o sudeste do Distrito Federal.<\/p>\n\n\n\n<p>Os irm\u00e3os Domingos e Chiquinho Braz\u00e3o, e o delegado da Pol\u00edcia Civil Rivaldo Barboda, detidos ainda pela manh\u00e3, durante a <a href=\"https:\/\/agenciabrasil.ebc.com.br\/geral\/noticia\/2024-03\/policia-federal-prende-tres-suspeitos-de-encomendar-morte-de-marielle\" target=\"_blank\" rel=\"noreferrer noopener\">Opera\u00e7\u00e3o Murder&nbsp;Inc<\/a>, chegaram \u00e0 capital federal por volta das 16h, em aeronave da PF.<\/p>\n\n\n\n<p>Ap\u00f3s desembarcarem, eles foram encaminhados ao Instituto M\u00e9dico Legal (IML), para exames de corpo de delito, uma praxe. Eles tamb\u00e9m passaram por audi\u00eancia de cust\u00f3dia, presidida pelo juiz auxiliar do STF, Airton Vieira, que manteve as pris\u00f5es.&nbsp;Ainda n\u00e3o foi informado oficialmente se os tr\u00eas permanecer\u00e3o na Penitenci\u00e1ria Federal de Bras\u00edlia ou se ser\u00e3o transferidos para outras unidades prisionais do pa\u00eds.<\/p>\n\n\n\n<p>A pris\u00e3o dos tr\u00eas, decretada por ordem do ministro Alexandre de Moraes, do Supremo Tribunal Federal (STF), \u00e9 preventiva, sem prazo determinado. A medida ainda passar\u00e1 por <a href=\"https:\/\/agenciabrasil.ebc.com.br\/justica\/noticia\/2024-03\/prisao-de-suspeitos-no-caso-marielle-passara-por-referendo-no-supremo\" target=\"_blank\" rel=\"noreferrer noopener\">referendo em sess\u00e3o virtual<\/a> da Primeira Turma do STF nesta segunda-feira (25).<\/p>\n\n\n\n<p>No caso de Chiquinho Braz\u00e3o, que \u00e9 deputado federal, a Constitui\u00e7\u00e3o Federal prev\u00ea que sua <a href=\"https:\/\/agenciabrasil.ebc.com.br\/politica\/noticia\/2024-03\/prisao-de-chiquinho-brazao-precisa-ser-aprovada-pela-camara\" target=\"_blank\" rel=\"noreferrer noopener\">pris\u00e3o deve ser apreciada pelo plen\u00e1rio da C\u00e2mara dos Deputados<\/a>, que poder\u00e1 mant\u00ea-lo preso ou solt\u00e1-lo. A data da sess\u00e3o ainda n\u00e3o foi anunciada, mas dever\u00e1 ocorrer nos pr\u00f3ximos dias.<\/p>\n\n\n\n<p>A principal motiva\u00e7\u00e3o do assassinato de Marielle e Anderson, revelada no relat\u00f3rio de investiga\u00e7\u00e3o da PF, envolve a <a href=\"https:\/\/agenciabrasil.ebc.com.br\/justica\/noticia\/2024-03\/motivacao-da-morte-de-marielle-envolve-questao-fundiaria-e-milicia\" target=\"_blank\" rel=\"noreferrer noopener\">disputa em torno da regulariza\u00e7\u00e3o de territ\u00f3rios no Rio de Janeiro<\/a>. Em coletiva de imprensa, o ministro da Justi\u00e7a e Seguran\u00e7a P\u00fablica, Ricardo Lewandowski, afirmou que as investiga\u00e7\u00f5es policiais levaram ao esclarecimento completo sobre quem s\u00e3o os <a href=\"https:\/\/agenciabrasil.ebc.com.br\/justica\/noticia\/2024-03\/pf-aponta-irmaos-brazao-como-mandantes-da-morte-de-marielle\" target=\"_blank\" rel=\"noreferrer noopener\">mandantes dos crimes<\/a>, al\u00e9m dos os executores e os intermedi\u00e1rios.<\/p>\n\n\n\n<p>Marielle e Anderson foram assassinados a tiros, em um cruzamento na regi\u00e3o central do Rio de Janeiro, em mar\u00e7o de 2018, enquanto se deslocavam de carro ap\u00f3s uma agenda de trabalho.<\/p>\n\n\n\n<p><strong><em>Fonte: Ag\u00eancia Brasil<\/em><\/strong><\/p>\n","protected":false},"excerpt":{"rendered":"<p>Os tr\u00eas presos neste domingo (24), suspeitos de serem os mandantes do assassinato da vereadora Marielle Franco e Anderson Gomes,<\/p>\n","protected":false},"author":1,"featured_media":5722,"comment_status":"open","ping_status":"open","sticky":false,"template":"","format":"standard","meta":{"footnotes":""},"categories":[2],"tags":[],"class_list":["post-5721","post","type-post","status-publish","format-standard","has-post-thumbnail","hentry","category-noticias"],"_links":{"self":[{"href":"https:\/\/jornaloalvorada.com.br\/site\/wp-json\/wp\/v2\/posts\/5721","targetHints":{"allow":["GET"]}}],"collection":[{"href":"https:\/\/jornaloalvorada.com.br\/site\/wp-json\/wp\/v2\/posts"}],"about":[{"href":"https:\/\/jornaloalvorada.com.br\/site\/wp-json\/wp\/v2\/types\/post"}],"author":[{"embeddable":true,"href":"https:\/\/jornaloalvorada.com.br\/site\/wp-json\/wp\/v2\/users\/1"}],"replies":[{"embeddable":true,"href":"https:\/\/jornaloalvorada.com.br\/site\/wp-json\/wp\/v2\/comments?post=5721"}],"version-history":[{"count":1,"href":"https:\/\/jornaloalvorada.com.br\/site\/wp-json\/wp\/v2\/posts\/5721\/revisions"}],"predecessor-version":[{"id":5723,"href":"https:\/\/jornaloalvorada.com.br\/site\/wp-json\/wp\/v2\/posts\/5721\/revisions\/5723"}],"wp:featuredmedia":[{"embeddable":true,"href":"https:\/\/jornaloalvorada.com.br\/site\/wp-json\/wp\/v2\/media\/5722"}],"wp:attachment":[{"href":"https:\/\/jornaloalvorada.com.br\/site\/wp-json\/wp\/v2\/media?parent=5721"}],"wp:term":[{"taxonomy":"category","embeddable":true,"href":"https:\/\/jornaloalvorada.com.br\/site\/wp-json\/wp\/v2\/categories?post=5721"},{"taxonomy":"post_tag","embeddable":true,"href":"https:\/\/jornaloalvorada.com.br\/site\/wp-json\/wp\/v2\/tags?post=5721"}],"curies":[{"name":"wp","href":"https:\/\/api.w.org\/{rel}","templated":true}]}}