{"id":5718,"date":"2024-03-24T16:50:00","date_gmt":"2024-03-24T20:50:00","guid":{"rendered":"https:\/\/jornaloalvorada.com.br\/site\/?p=5718"},"modified":"2024-04-09T09:38:55","modified_gmt":"2024-04-09T13:38:55","slug":"motivacao-da-morte-de-marielle-envolve-questao-fundiaria-e-milicia","status":"publish","type":"post","link":"https:\/\/jornaloalvorada.com.br\/site\/2024\/03\/24\/motivacao-da-morte-de-marielle-envolve-questao-fundiaria-e-milicia\/","title":{"rendered":"Motiva\u00e7\u00e3o da morte de Marielle envolve quest\u00e3o fundi\u00e1ria e mil\u00edcia"},"content":{"rendered":"\n<p>A principal motiva\u00e7\u00e3o do assassinato da vereadora Marielle Franco, revelada neste domingo (24), envolve a disputa em torno da regulariza\u00e7\u00e3o de territ\u00f3rios no Rio de Janeiro.<\/p>\n\n\n\n<p>Em coletiva de imprensa para apresentar os <a href=\"https:\/\/agenciabrasil.ebc.com.br\/justica\/noticia\/2024-03\/lewandowski-crime-foi-esclarecido-mas-novos-elementos-podem-surgir\" target=\"_blank\" rel=\"noreferrer noopener\">resultados da investiga\u00e7\u00e3o<\/a>, o ministro da Justi\u00e7a e Seguran\u00e7a P\u00fablica, Ricardo Lewandowski, leu trechos do relat\u00f3rio da Pol\u00edcia Federal (PF), de mais de 470 p\u00e1ginas, citando a diverg\u00eancia entre Marielle Franco e o grupo pol\u00edtico do ent\u00e3o vereador Chiquinho Braz\u00e3o em torno do Projeto de Lei (PL) 174\/2016, que buscava formalizar um condom\u00ednio na Zona Oeste da capital fluminense.<\/p>\n\n\n\n<p>Citando uma &#8220;rea\u00e7\u00e3o descontrolada&#8221; de Chiquinho Braz\u00e3o pelo resultado apertado da vota\u00e7\u00e3o do PL no plen\u00e1rio da C\u00e2mara Municipal, segundo relat\u00f3rio da PF, o ministro afirmou que o crime come\u00e7ou a ser preparado ainda no segundo semestre de 2017. &nbsp; &nbsp; &nbsp;<\/p>\n\n\n\n<blockquote class=\"wp-block-quote is-layout-flow wp-block-quote-is-layout-flow\">\n<p>&#8220;Me parece que todo esse volumoso conjunto de documentos que recebemos, esse \u00e9 um trecho extremamente significativo, que mostra, pelo menos, a motiva\u00e7\u00e3o b\u00e1sica do assassinato da vereadora Marielle Franco, que se opunha, justamente, a esse grupo, que, na C\u00e2mara Municipal do Rio de Janeiro, queria regularizar terras, para us\u00e1-las com fins comerciais, enquanto o grupo da vereadora queria usar essas terras para fins sociais, de moradia popular&#8221;, afirmou Lewandowski.<\/p>\n<\/blockquote>\n\n\n\n<p>Segundo ele, a PF apontou que Domingos Braz\u00e3o, um dos envolvidos, tem longa rela\u00e7\u00e3o com grilagem de terras e a\u00e7\u00e3o de mil\u00edcias. &nbsp;<\/p>\n\n\n\n<p>Na mesma linha, o diretor-geral da PF, Andrei Rodrigues, mencionou os elementos apurados na investiga\u00e7\u00e3o. &#8220;Motiva\u00e7\u00e3o tem que ser analisada no contexto. O que h\u00e1 s\u00e3o v\u00e1rias situa\u00e7\u00f5es que envolvem a vereadora Marielle Franco, que levaram a esse grupo de oposi\u00e7\u00e3o, que envolve tamb\u00e9m a quest\u00e3o ligada a mil\u00edcias, disputa de territ\u00f3rios, regulariza\u00e7\u00e3o de empreendimentos. H\u00e1 seis anos, havia um cen\u00e1rio e culminou nessa disputa&#8221;, afirmou o delegado.<\/p>\n\n\n<div class=\"wp-block-image\">\n<figure class=\"alignleft\"><img decoding=\"async\" src=\"https:\/\/imagens.ebc.com.br\/mkrwzxk4dFniPZZtAmwgwB5-kos=\/365x0\/smart\/https:\/\/agenciabrasil.ebc.com.br\/sites\/default\/files\/thumbnails\/image\/2024\/03\/24\/0d9a0340.jpg?itok=5Xg5aUwE\" alt=\"Bras\u00edlia- DF 24-03-2024. Ministro da Justi\u00e7a, Ricardo Lewandowski e o diretor Geral da PF, Andrei Passos, durante coletiva sobre os mandantes do assassinato de Marielle Franco. Foto Jos\u00e9 Cruz\/ Ag\u00eancia Brasil.\" title=\"Foto Jos\u00e9 Cruz\/ Ag\u00eancia Brasil.\"\/><\/figure>\n<\/div>\n\n\n<p>O diretor geral da PF, Andrei Rodrigues, durante coletiva sobre os mandantes do assassinato de Marielle Franco.&nbsp;<strong>Foto Jos\u00e9 Cruz\/ Ag\u00eancia Brasil.<\/strong><\/p>\n\n\n\n<p>A investiga\u00e7\u00e3o da Pol\u00edcia Federal concluiu que os irm\u00e3os Domingos e Chiquinho Braz\u00e3o contrataram o ex-policial militar Ronnie Lessa para executar a vereadora Marielle Franco, em 2018. Na ocasi\u00e3o, o motorista dela, Anderson Gomes, tamb\u00e9m foi morto.&nbsp;Fernanda Chaves, assessora da vereadora,&nbsp;<a href=\"https:\/\/agenciabrasil.ebc.com.br\/geral\/noticia\/2024-03\/caso-marielle-descortinou-rio-carcomido-pelo-crime-diz-sobrevivente\" target=\"_blank\" rel=\"noreferrer noopener\">sobreviveu ao atentado<\/a>.<\/p>\n\n\n\n<p>A conclus\u00e3o est\u00e1 no <a href=\"https:\/\/agenciabrasil.ebc.com.br\/justica\/noticia\/2024-03\/pf-aponta-irmaos-brazao-como-mandantes-da-morte-de-marielle\" target=\"_blank\" rel=\"noreferrer noopener\">relat\u00f3rio final da investiga\u00e7\u00e3o<\/a>, divulgado ap\u00f3s o ministro Alexandre de Moraes, do Supremo Tribunal Federal (STF), retirar o sigilo do inqu\u00e9rito.<\/p>\n\n\n\n<p>Domingos Braz\u00e3o, conselheiro do Tribunal de Contas do Rio de Janeiro, e Chiquinho Braz\u00e3o, deputado federal, foram presos na manh\u00e3 de hoje por determina\u00e7\u00e3o de Moraes. &nbsp;<\/p>\n\n\n\n<p>Segundo o ministro da Justi\u00e7a, o crime \u00e9 relevador do &#8220;modus operandi&#8221; da mil\u00edcia e do crime organizado no Rio de Janeiro.<\/p>\n\n\n\n<p>&#8220;A partir desse caso, n\u00f3s podemos talvez desvendar outros casos, ou seguir o fio da meada cuja dimens\u00e3o n\u00e3o temos clara. Essa investiga\u00e7\u00e3o \u00e9 uma esp\u00e9cie de radiografia de como opera a mil\u00edcia e o crime organizado no Rio de Janeiro&#8221;.<\/p>\n\n\n\n<h2 class=\"wp-block-heading\">Delegado envolvido<\/h2>\n\n\n\n<p>No documento da PF, os investigadores mostram que o plano para executar Marielle <a href=\"https:\/\/agenciabrasil.ebc.com.br\/justica\/noticia\/2024-03\/delegado-preso-assumiu-chefia-da-policia-civil-na-vespera-do-crime\" target=\"_blank\" rel=\"noreferrer noopener\">contou com a participa\u00e7\u00e3o de Rivaldo Barbosa<\/a>, ex-chefe da Policia Civil do Rio. Segundo a PF, Rivaldo \u201cplanejou meticulosamente\u201d o crime. Barbosa tamb\u00e9m foi preso na opera\u00e7\u00e3o desta manh\u00e3.<\/p>\n\n\n\n<p>&#8220;O que pode ser dito \u00e9 que, antes do crime, havia uma rela\u00e7\u00e3o indevida desse [Rivaldo], que era ent\u00e3o chefe da Delegacia de Homic\u00eddios, depois, chefe de Pol\u00edcia, para desviar o foco da investiga\u00e7\u00e3o daqueles que s\u00e3o os verdadeiros mandantes do crime&#8221;, observou o diretor-geral da PF.<\/p>\n\n\n\n<p><strong><em>Fonte: Ag\u00eancia Brasil<\/em><\/strong><\/p>\n","protected":false},"excerpt":{"rendered":"<p>A principal motiva\u00e7\u00e3o do assassinato da vereadora Marielle Franco, revelada neste domingo (24), envolve a disputa em torno da regulariza\u00e7\u00e3o<\/p>\n","protected":false},"author":1,"featured_media":5719,"comment_status":"open","ping_status":"open","sticky":false,"template":"","format":"standard","meta":{"footnotes":""},"categories":[2],"tags":[],"class_list":["post-5718","post","type-post","status-publish","format-standard","has-post-thumbnail","hentry","category-noticias"],"_links":{"self":[{"href":"https:\/\/jornaloalvorada.com.br\/site\/wp-json\/wp\/v2\/posts\/5718","targetHints":{"allow":["GET"]}}],"collection":[{"href":"https:\/\/jornaloalvorada.com.br\/site\/wp-json\/wp\/v2\/posts"}],"about":[{"href":"https:\/\/jornaloalvorada.com.br\/site\/wp-json\/wp\/v2\/types\/post"}],"author":[{"embeddable":true,"href":"https:\/\/jornaloalvorada.com.br\/site\/wp-json\/wp\/v2\/users\/1"}],"replies":[{"embeddable":true,"href":"https:\/\/jornaloalvorada.com.br\/site\/wp-json\/wp\/v2\/comments?post=5718"}],"version-history":[{"count":1,"href":"https:\/\/jornaloalvorada.com.br\/site\/wp-json\/wp\/v2\/posts\/5718\/revisions"}],"predecessor-version":[{"id":5720,"href":"https:\/\/jornaloalvorada.com.br\/site\/wp-json\/wp\/v2\/posts\/5718\/revisions\/5720"}],"wp:featuredmedia":[{"embeddable":true,"href":"https:\/\/jornaloalvorada.com.br\/site\/wp-json\/wp\/v2\/media\/5719"}],"wp:attachment":[{"href":"https:\/\/jornaloalvorada.com.br\/site\/wp-json\/wp\/v2\/media?parent=5718"}],"wp:term":[{"taxonomy":"category","embeddable":true,"href":"https:\/\/jornaloalvorada.com.br\/site\/wp-json\/wp\/v2\/categories?post=5718"},{"taxonomy":"post_tag","embeddable":true,"href":"https:\/\/jornaloalvorada.com.br\/site\/wp-json\/wp\/v2\/tags?post=5718"}],"curies":[{"name":"wp","href":"https:\/\/api.w.org\/{rel}","templated":true}]}}