{"id":5715,"date":"2024-03-24T08:45:00","date_gmt":"2024-03-24T12:45:00","guid":{"rendered":"https:\/\/jornaloalvorada.com.br\/site\/?p=5715"},"modified":"2024-04-09T09:36:40","modified_gmt":"2024-04-09T13:36:40","slug":"policia-federal-prende-tres-suspeitos-de-encomendar-morte-de-marielle","status":"publish","type":"post","link":"https:\/\/jornaloalvorada.com.br\/site\/2024\/03\/24\/policia-federal-prende-tres-suspeitos-de-encomendar-morte-de-marielle\/","title":{"rendered":"Pol\u00edcia Federal prende tr\u00eas suspeitos de encomendar morte de Marielle"},"content":{"rendered":"\n<p>A Pol\u00edcia Federal realiza neste domingo (24) a Opera\u00e7\u00e3o Murder Inc que apura os assassinatos da vereadora Marielle Franco e do motorista Anderson Gomes, al\u00e9m da tentativa de homic\u00eddio da assessora Fernanda Chaves. De acordo com fontes ligadas \u00e0 investiga\u00e7\u00e3o, foram presos Domingos Braz\u00e3o, atual conselheiro do Tribunal de Contas do Rio, Chiquinho Braz\u00e3o, deputado federal do Rio, e Rivaldo Barbosa, ex-chefe da Pol\u00edcia Civil do Rio.<\/p>\n\n\n\n<p>Est\u00e3o sendo cumpridos ainda 12 mandados de busca e apreens\u00e3o, expedidos pelo Supremo Tribunal Federal, todos na cidade do Rio de Janeiro. A a\u00e7\u00e3o conta com a participa\u00e7\u00e3o da Procuradoria-Geral da Rep\u00fablica e do Minist\u00e9rio P\u00fablico do Rio de Janeiro.<\/p>\n\n\n\n<p>Tamb\u00e9m apoiam a opera\u00e7\u00e3o a Secretaria de Estado de Pol\u00edcia Civil do Rio de Janeiro e da Secretaria Nacional de Pol\u00edticas Penais, do Minist\u00e9rio da Justi\u00e7a e Seguran\u00e7a P\u00fablica. A a\u00e7\u00e3o tem como alvos os autores intelectuais das execu\u00e7\u00f5es. S\u00e3o apurados ainda os crimes de organiza\u00e7\u00e3o criminosa e obstru\u00e7\u00e3o de justi\u00e7a.<\/p>\n\n\n\n<p>A <strong>Ag\u00eancia Brasil<\/strong> tenta contato com as defesas dos acusados. Domingos Braz\u00e3o disse, em entrevista ao UOL em janeiro deste ano, que n\u00e3o conhecia e n\u00e3o lembrava da vereadora Marielle Franco.<\/p>\n\n\n\n<p>J\u00e1 Chiquinho Braz\u00e3o havia divulgado nota no dia 20 de mar\u00e7o, depois que a acusa\u00e7\u00e3o de ser o mandante vazou na imprensa. A nota diz que ele estava \u201csurpreendido pelas especula\u00e7\u00f5es\u201d e afirmou que o conv\u00edvio com Marielle sempre foi \u201camistoso e cordial\u201d.<\/p>\n\n\n\n<p>Nas redes sociais, a irm\u00e3 de Marielle e ministra da Igualdade Racial, Anielle Franco, agradeceu o empenho da PF, governo federal, Minist\u00e9rio P\u00fablico e ministro do STF Alexandre de Moraes. &#8220;Estamos mais perto da Justi\u00e7a&#8221;, considera Anielle. &#8220;S\u00f3 Deus sabe o quanto sonhamos com esse dia! Hoje \u00e9 mais um grande passo para conseguirmos as respostas que tanto nos perguntamos nos \u00faltimos anos: quem mandou matar a Mari e por qu\u00ea?&#8221;<\/p>\n\n\n\n<p>Tamb\u00e9m nas redes sociais, o ministro-chefe da Secretaria de Comunica\u00e7\u00e3o Social da Presid\u00eancia da Rep\u00fablica, Paulo Pimenta, destacou que medidas tomadas desde o in\u00edcio do mandato do presidente Lula foram decisivas para o esclarecimento do assassinato da vereadora Marielle Franco e do motorista Anderson Gomes. &#8220;O Governo Federal seguir\u00e1 cumprindo o seu papel para combater essas quadrilhas violentas que cometem graves crimes contra as fam\u00edlias brasileiras. A continuidade das investiga\u00e7\u00f5es vai com certeza esclarecer v\u00e1rios outros crimes&#8221;, afirmou Pimenta.<\/p>\n\n\n\n<p><strong><em>Fonte: Ag\u00eancia Brasil<\/em><\/strong><\/p>\n","protected":false},"excerpt":{"rendered":"<p>A Pol\u00edcia Federal realiza neste domingo (24) a Opera\u00e7\u00e3o Murder Inc que apura os assassinatos da vereadora Marielle Franco e<\/p>\n","protected":false},"author":1,"featured_media":5716,"comment_status":"open","ping_status":"open","sticky":false,"template":"","format":"standard","meta":{"footnotes":""},"categories":[2],"tags":[],"class_list":["post-5715","post","type-post","status-publish","format-standard","has-post-thumbnail","hentry","category-noticias"],"_links":{"self":[{"href":"https:\/\/jornaloalvorada.com.br\/site\/wp-json\/wp\/v2\/posts\/5715","targetHints":{"allow":["GET"]}}],"collection":[{"href":"https:\/\/jornaloalvorada.com.br\/site\/wp-json\/wp\/v2\/posts"}],"about":[{"href":"https:\/\/jornaloalvorada.com.br\/site\/wp-json\/wp\/v2\/types\/post"}],"author":[{"embeddable":true,"href":"https:\/\/jornaloalvorada.com.br\/site\/wp-json\/wp\/v2\/users\/1"}],"replies":[{"embeddable":true,"href":"https:\/\/jornaloalvorada.com.br\/site\/wp-json\/wp\/v2\/comments?post=5715"}],"version-history":[{"count":1,"href":"https:\/\/jornaloalvorada.com.br\/site\/wp-json\/wp\/v2\/posts\/5715\/revisions"}],"predecessor-version":[{"id":5717,"href":"https:\/\/jornaloalvorada.com.br\/site\/wp-json\/wp\/v2\/posts\/5715\/revisions\/5717"}],"wp:featuredmedia":[{"embeddable":true,"href":"https:\/\/jornaloalvorada.com.br\/site\/wp-json\/wp\/v2\/media\/5716"}],"wp:attachment":[{"href":"https:\/\/jornaloalvorada.com.br\/site\/wp-json\/wp\/v2\/media?parent=5715"}],"wp:term":[{"taxonomy":"category","embeddable":true,"href":"https:\/\/jornaloalvorada.com.br\/site\/wp-json\/wp\/v2\/categories?post=5715"},{"taxonomy":"post_tag","embeddable":true,"href":"https:\/\/jornaloalvorada.com.br\/site\/wp-json\/wp\/v2\/tags?post=5715"}],"curies":[{"name":"wp","href":"https:\/\/api.w.org\/{rel}","templated":true}]}}