{"id":5706,"date":"2024-03-23T09:17:00","date_gmt":"2024-03-23T13:17:00","guid":{"rendered":"https:\/\/jornaloalvorada.com.br\/site\/?p=5706"},"modified":"2024-04-09T09:19:21","modified_gmt":"2024-04-09T13:19:21","slug":"fundacao-de-cultura-publica-chamamento-para-escuta-publica-cultural-relativa-a-lei-aldir-blanc","status":"publish","type":"post","link":"https:\/\/jornaloalvorada.com.br\/site\/2024\/03\/23\/fundacao-de-cultura-publica-chamamento-para-escuta-publica-cultural-relativa-a-lei-aldir-blanc\/","title":{"rendered":"Funda\u00e7\u00e3o de Cultura publica chamamento para Escuta P\u00fablica Cultural relativa \u00e0 Lei Aldir Blanc"},"content":{"rendered":"\n<p>A Funda\u00e7\u00e3o de Cultura de Mato Grosso do Sul tornou p\u00fablico o edital de n\u00famero 003\/2024, que se refere \u00e0 execu\u00e7\u00e3o das escutas p\u00fablicas para a elabora\u00e7\u00e3o do Plano de Aplica\u00e7\u00e3o dos Recursos da Lei Aldir Blanc, esta institu\u00edda em julho de 2022 e que estabelece a Pol\u00edtica Nacional de Fomento e Incentivo \u00e0 Cultura, a popular PNAB.<\/p>\n\n\n\n<p>O prop\u00f3sito da PNAB \u00e9 fortalecer a cultura nacional, oferecendo apoio aos estados, ao Distrito Federal e aos munic\u00edpios por um per\u00edodo de cinco anos, iniciando-se em 2023 esse prazo.<\/p>\n\n\n\n<p>Uma das diretrizes fundamentais da PNAB \u00e9 a consulta \u00e0 sociedade civil para a aplica\u00e7\u00e3o dos recursos, incumbindo aos estados, ao Distrito Federal e aos munic\u00edpios promover a participa\u00e7\u00e3o da comunidade cultural e de outros atores da sociedade civil na execu\u00e7\u00e3o dos recursos repassados pelo governo federal.<\/p>\n\n\n\n<p>Essa consulta deve ser realizada por meio de diversos mecanismos, como audi\u00eancias p\u00fablicas, consultas p\u00fablicas, entre outros, visando \u00e0 transpar\u00eancia e \u00e0 imparcialidade na elabora\u00e7\u00e3o do Plano Anual de Aplica\u00e7\u00e3o dos Recursos (PAAR).<\/p>\n\n\n\n<p>Em conformidade com as disposi\u00e7\u00f5es da PNAB, a Funda\u00e7\u00e3o de Cultura de Mato Grosso do Sul realizar\u00e1 Escutas P\u00fablicas Culturais no formato presencial com Audi\u00eancias P\u00fablicas.<\/p>\n\n\n\n<p>O objetivo \u00e9 subsidiar a Secretaria da Cultura com informa\u00e7\u00f5es sobre as demandas dos setores art\u00edstico e cultural, visando \u00e0 futura aplica\u00e7\u00e3o de recursos p\u00fablicos provenientes da Lei Aldir Blanc.<\/p>\n\n\n\n<p>Essas escutas p\u00fablicas buscam promover a participa\u00e7\u00e3o dos agentes culturais, contribuindo para o desenvolvimento geral da cultura do Estado.<\/p>\n\n\n\n<p>Com o intuito de abranger os 79 munic\u00edpios de Mato Grosso do Sul, as escutas p\u00fablicas ser\u00e3o realizadas por regi\u00e3o, sendo um munic\u00edpio sede para acolher suas receptivas regi\u00f5es:<\/p>\n\n\n\n<p><strong>Regi\u00e3o Sudoeste<\/strong>: Bonito, Guia Lopes da Laguna, Nioaque, Bodoquena, Porto Murtinho, Bela Vista, Caracol, Jardim<\/p>\n\n\n\n<p><strong>Regi\u00e3o Grande Dourados<\/strong>: Dourados, Maracaj\u00fa, Rio Brilhante, Itapor\u00e3, Caarap\u00f3, Vicentina, Deod\u00e1polis, Douradina, Gl\u00f3ria de Dourados, F\u00e1tima do Sul, Jate\u00ed<\/p>\n\n\n\n<p><strong>Regi\u00e3o Cone Sul<\/strong>: Navira\u00ed, Juti, Itaquira\u00ed, Iguatemi, Eldorado, Japor\u00e3, Mundo Novo<\/p>\n\n\n\n<p><strong>Regi\u00e3o Leste<\/strong>: Nova Andradina, Ang\u00e9lica, Ivinhema, Bataypor\u00e3, Novo Horizonte do Sul, Taquarussu, Bataguass\u00fa e Anauril\u00e2ndia<\/p>\n\n\n\n<p><strong>Regi\u00e3o Campo Grande<\/strong>: Campo Grande, Bandeirantes, Corguinho, Rochedo, Jaraguari, Ribas do Rio Pardo, Terenos, Sidrol\u00e2ndia, Nova Alvorada do Sul, Dois Irm\u00e3os do Buriti<\/p>\n\n\n\n<p><strong>Regi\u00e3o Norte<\/strong>: Camapu\u00e3, S\u00e3o Gabriel do Oeste, Figueir\u00e3o, Costa Rica, Alcin\u00f3polis, Coxim, Rio Verde, Pedro Gomes, Sonora, Rio Negro<\/p>\n\n\n\n<p><strong>Regi\u00e3o do Bols\u00e3o<\/strong>: Tr\u00eas lagoas, Chapad\u00e3o do Sul, Cassil\u00e2ndia, Inoc\u00eancia, Agua Clara, Parana\u00edba, Aparecida do Taboado, Santa Rita do Pardo, Brasil\u00e2ndia, Selv\u00edria e Para\u00edso das \u00c1guas<\/p>\n\n\n\n<p><strong>Regi\u00e3o Pantanal<\/strong>: Corumb\u00e1, Lad\u00e1rio, Aquidauana, Miranda, Anast\u00e1cio<\/p>\n\n\n\n<p><strong>Regi\u00e3o Sul Fronteira<\/strong>: Amambai, Aral Moreira, Ponta Por\u00e3, Laguna Carap\u00e3, Coronel Sapucaia, Tacuru, Paranhos, Sete Quedas, Ant\u00f4nio Jo\u00e3o<\/p>\n\n\n\n<p>Segue gr\u00e1fico indicando local, dia, e hora, que ser\u00e3o realizadas dez escutas p\u00fablicas, nas respectivas regi\u00f5es, conforme programa\u00e7\u00e3o abaixo:<\/p>\n\n\n\n<figure class=\"wp-block-image\"><a href=\"https:\/\/agenciadenoticias.ms.gov.br\/wp-content\/uploads\/2024\/03\/Tabela-lei-Aldir-Blanc.jpg\"><img decoding=\"async\" src=\"https:\/\/agenciadenoticias.ms.gov.br\/wp-content\/uploads\/2024\/03\/Tabela-lei-Aldir-Blanc.jpg\" alt=\"\"\/><\/a><\/figure>\n\n\n\n<p>A Funda\u00e7\u00e3o de Cultura de Mato Grosso do Sul a realizar\u00e1 coleta de informa\u00e7\u00f5es junto aos gestores, fazedores de arte e cultura para a execu\u00e7\u00e3o dos recursos no \u00e2mbito Estadual.<\/p>\n\n\n\n<p>Os dados coletados, ser\u00e3o tratados e analisados, o resultado ser\u00e1 publicado na forma de relat\u00f3rio final, e servir\u00e1 de base para a constru\u00e7\u00e3o do Plano Anual de aplica\u00e7\u00e3o de Recursos (PAAR), uma ferramenta norteadora para elabora\u00e7\u00e3o de objetos e composi\u00e7\u00e3o de valores para a constru\u00e7\u00e3o dos chamamentos p\u00fablicos.<\/p>\n\n\n\n<p>A Secretaria de Esporte, Turismo e Cultura (Setesc), atrav\u00e9s da Funda\u00e7\u00e3o de Cultura de Mato Grosso do Sul, inicia o processo de Escuta P\u00fablica Cultural junto gestores e fazedores de arte e cultura, para ampliar o entendimento sobre a aplica\u00e7\u00e3o da PNAB e suas pol\u00edticas estruturantes, adotando as seguintes a\u00e7\u00f5es para o seu desenvolvimento: Edital Simplificado de Escuta P\u00fablica Cultural; Plano de M\u00eddia, para ampla divulga\u00e7\u00e3o do processo de escuta com direcionamento ao p\u00fablico alvo; Oficiar os Munic\u00edpios, afim de estimular a participa\u00e7\u00e3o dos fazedores de arte e cultura no processo de Escuta Publica; Escutas P\u00fablicas; An\u00e1lise, tratamento de dados e elabora\u00e7\u00e3o dos resultados; Publica\u00e7\u00e3o e divulga\u00e7\u00e3o do relat\u00f3rio final.<\/p>\n\n\n\n<p>Quem pode participar das Escutas P\u00fablicas: Gestores de Cultura, pessoas f\u00edsicas, trabalhadores da cultura coletivos culturais n\u00e3o formalizados; Pessoas jur\u00eddicas, de natureza ou finalidade cultural com ou sem fins lucrativos; Organiza\u00e7\u00f5es da sociedade civil e movimentos sociais e da economia solid\u00e1ria voltados para \u00e1rea cultural.<\/p>\n\n\n\n<p>Os dados ser\u00e3o coletados no per\u00edodo de 25 de mar\u00e7o \u00e0 5 de abril . A Funda\u00e7\u00e3o de Cultura&nbsp; ter\u00e1 o prazo de 20 dias ap\u00f3s as manifesta\u00e7\u00f5es dos fazedores de arte e cultura para publicar o relat\u00f3rio final das consultas p\u00fablicas.<\/p>\n\n\n\n<p><em>Karina Lima, Comunica\u00e7\u00e3o FCMS<br>Foto: Funda\u00e7\u00e3o de Cultura<\/em><\/p>\n","protected":false},"excerpt":{"rendered":"<p>A Funda\u00e7\u00e3o de Cultura de Mato Grosso do Sul tornou p\u00fablico o edital de n\u00famero 003\/2024, que se refere \u00e0<\/p>\n","protected":false},"author":1,"featured_media":5707,"comment_status":"open","ping_status":"open","sticky":false,"template":"","format":"standard","meta":{"footnotes":""},"categories":[2],"tags":[],"class_list":["post-5706","post","type-post","status-publish","format-standard","has-post-thumbnail","hentry","category-noticias"],"_links":{"self":[{"href":"https:\/\/jornaloalvorada.com.br\/site\/wp-json\/wp\/v2\/posts\/5706","targetHints":{"allow":["GET"]}}],"collection":[{"href":"https:\/\/jornaloalvorada.com.br\/site\/wp-json\/wp\/v2\/posts"}],"about":[{"href":"https:\/\/jornaloalvorada.com.br\/site\/wp-json\/wp\/v2\/types\/post"}],"author":[{"embeddable":true,"href":"https:\/\/jornaloalvorada.com.br\/site\/wp-json\/wp\/v2\/users\/1"}],"replies":[{"embeddable":true,"href":"https:\/\/jornaloalvorada.com.br\/site\/wp-json\/wp\/v2\/comments?post=5706"}],"version-history":[{"count":1,"href":"https:\/\/jornaloalvorada.com.br\/site\/wp-json\/wp\/v2\/posts\/5706\/revisions"}],"predecessor-version":[{"id":5708,"href":"https:\/\/jornaloalvorada.com.br\/site\/wp-json\/wp\/v2\/posts\/5706\/revisions\/5708"}],"wp:featuredmedia":[{"embeddable":true,"href":"https:\/\/jornaloalvorada.com.br\/site\/wp-json\/wp\/v2\/media\/5707"}],"wp:attachment":[{"href":"https:\/\/jornaloalvorada.com.br\/site\/wp-json\/wp\/v2\/media?parent=5706"}],"wp:term":[{"taxonomy":"category","embeddable":true,"href":"https:\/\/jornaloalvorada.com.br\/site\/wp-json\/wp\/v2\/categories?post=5706"},{"taxonomy":"post_tag","embeddable":true,"href":"https:\/\/jornaloalvorada.com.br\/site\/wp-json\/wp\/v2\/tags?post=5706"}],"curies":[{"name":"wp","href":"https:\/\/api.w.org\/{rel}","templated":true}]}}