{"id":5703,"date":"2024-03-23T08:15:00","date_gmt":"2024-03-23T12:15:00","guid":{"rendered":"https:\/\/jornaloalvorada.com.br\/site\/?p=5703"},"modified":"2024-04-09T09:17:06","modified_gmt":"2024-04-09T13:17:06","slug":"pge-de-ms-cria-procuradoria-especializada-em-assuntos-previdenciarios","status":"publish","type":"post","link":"https:\/\/jornaloalvorada.com.br\/site\/2024\/03\/23\/pge-de-ms-cria-procuradoria-especializada-em-assuntos-previdenciarios\/","title":{"rendered":"PGE de MS cria procuradoria especializada em assuntos previdenci\u00e1rios"},"content":{"rendered":"\n<p>A PGE\/MS (Procuradoria-Geral do Estado de Mato Grosso do Sul) ter\u00e1 mais uma Procuradoria Especializada para atuar em prol do Estado. A cria\u00e7\u00e3o da PPREV (Procuradoria de Assuntos Previdenci\u00e1rios) foi publicada na&nbsp;<a href=\"https:\/\/www.pge.ms.gov.br\/wp-content\/uploads\/2024\/03\/PPREV.pdf\">edi\u00e7\u00e3o n. 11.446 do DOE (Di\u00e1rio Oficial do Estado)<\/a>.<\/p>\n\n\n\n<p>A Especializada ir\u00e1 atuar especificamente nos feitos judiciais pertinentes \u00e0s reivindica\u00e7\u00f5es em face do Estado de Mato Grosso do Sul ou das entidades da Administra\u00e7\u00e3o Indireta, no que diz respeito a mat\u00e9rias previdenci\u00e1rias.<\/p>\n\n\n\n<p>Enquanto a CJUR\/AGEPREV (Coordenadoria Jur\u00eddica na Ag\u00eancia de Previd\u00eancia Social de Mato Grosso do Sul) passar\u00e1 a atuar exclusivamente na \u00e1rea consultiva, prestando assessoramento jur\u00eddico ao Estado.&nbsp;<\/p>\n\n\n\n<p>Para a procuradora-geral do Estado Ana Carolina Ali Garcia, a Procuradoria de Assuntos Previdenci\u00e1rios surge em resposta \u00e0 crescente demanda.<\/p>\n\n\n\n<p>\u201cCom uma equipe qualificada, a PPREV foi criada para trabalhar de forma exclusiva na representa\u00e7\u00e3o judicial do Estado em todas as demandas previdenci\u00e1rias. Sua miss\u00e3o ser\u00e1 atuar com o prop\u00f3sito de garantir bons resultados para Mato Grosso do Sul. Essa reestrutura\u00e7\u00e3o demonstra a import\u00e2ncia da especializa\u00e7\u00e3o, com o foco na atua\u00e7\u00e3o estrat\u00e9gica e racional no contencioso e a uniformiza\u00e7\u00e3o no consultivo, garantindo seguran\u00e7a jur\u00eddica\u201d, afirmou.<\/p>\n\n\n\n<p>Entre as compet\u00eancias da PPREV est\u00e1 a atua\u00e7\u00e3o nos processos judiciais que versem sobre pedidos de natureza previdenci\u00e1ria referentes ao RPPS (Regime Pr\u00f3prio de Previd\u00eancia Social) e a elabora\u00e7\u00e3o de minutas de informa\u00e7\u00f5es a serem prestadas ao Poder Judici\u00e1rio.<\/p>\n\n\n\n<p>O principal objetivo da Procuradoria \u00e9 garantir uma atua\u00e7\u00e3o assertiva e estrat\u00e9gica nos tribunais, buscando a defesa dos interesses do Estado em casos que envolvam quest\u00f5es de previd\u00eancia social.<\/p>\n\n\n\n<p>A procuradora-chefe da PPREV, Kamila Miranda Sena, explica que o Estado de Mato Grosso do Sul possui mais de 35.000 mil servidores inativos e que a tend\u00eancia \u00e9 a amplia\u00e7\u00e3o desse quadro.<\/p>\n\n\n\n<p>&nbsp;\u201cA cria\u00e7\u00e3o da PPREV representa o compromisso da PGE com a sociedade sul mato-grossense, no sentido de garantir a defesa do interesse p\u00fablico de forma cada vez mais eficiente. Observamos que h\u00e1 um aumento exponencial de a\u00e7\u00f5es judiciais, notadamente ap\u00f3s a Reforma Previdenci\u00e1ria introduzida pela EC 103\/2019. E, \u00e9 justamente nesse ponto, que ressai o papel da PPREV:&nbsp; uma atua\u00e7\u00e3o jur\u00eddica especializada em a\u00e7\u00f5es judiciais, individuais e coletivas, que versem assuntos previdenci\u00e1rios\u201d, comentou.<\/p>\n\n\n\n<p>Atualmente, a PGE\/MS conta com 10 Procuradorias Especializadas, que exercem papel fundamental na representa\u00e7\u00e3o judicial e extrajudicial do Estado, tratando de diferentes temas, como por exemplo, sa\u00fade, tribut\u00e1rio e pessoal.<\/p>\n\n\n\n<p><em>Hanelise Brito, Comunica\u00e7\u00e3o PGE\/MS<\/em><\/p>\n","protected":false},"excerpt":{"rendered":"<p>A PGE\/MS (Procuradoria-Geral do Estado de Mato Grosso do Sul) ter\u00e1 mais uma Procuradoria Especializada para atuar em prol do<\/p>\n","protected":false},"author":1,"featured_media":5704,"comment_status":"open","ping_status":"open","sticky":false,"template":"","format":"standard","meta":{"footnotes":""},"categories":[2],"tags":[],"class_list":["post-5703","post","type-post","status-publish","format-standard","has-post-thumbnail","hentry","category-noticias"],"_links":{"self":[{"href":"https:\/\/jornaloalvorada.com.br\/site\/wp-json\/wp\/v2\/posts\/5703","targetHints":{"allow":["GET"]}}],"collection":[{"href":"https:\/\/jornaloalvorada.com.br\/site\/wp-json\/wp\/v2\/posts"}],"about":[{"href":"https:\/\/jornaloalvorada.com.br\/site\/wp-json\/wp\/v2\/types\/post"}],"author":[{"embeddable":true,"href":"https:\/\/jornaloalvorada.com.br\/site\/wp-json\/wp\/v2\/users\/1"}],"replies":[{"embeddable":true,"href":"https:\/\/jornaloalvorada.com.br\/site\/wp-json\/wp\/v2\/comments?post=5703"}],"version-history":[{"count":1,"href":"https:\/\/jornaloalvorada.com.br\/site\/wp-json\/wp\/v2\/posts\/5703\/revisions"}],"predecessor-version":[{"id":5705,"href":"https:\/\/jornaloalvorada.com.br\/site\/wp-json\/wp\/v2\/posts\/5703\/revisions\/5705"}],"wp:featuredmedia":[{"embeddable":true,"href":"https:\/\/jornaloalvorada.com.br\/site\/wp-json\/wp\/v2\/media\/5704"}],"wp:attachment":[{"href":"https:\/\/jornaloalvorada.com.br\/site\/wp-json\/wp\/v2\/media?parent=5703"}],"wp:term":[{"taxonomy":"category","embeddable":true,"href":"https:\/\/jornaloalvorada.com.br\/site\/wp-json\/wp\/v2\/categories?post=5703"},{"taxonomy":"post_tag","embeddable":true,"href":"https:\/\/jornaloalvorada.com.br\/site\/wp-json\/wp\/v2\/tags?post=5703"}],"curies":[{"name":"wp","href":"https:\/\/api.w.org\/{rel}","templated":true}]}}