{"id":5701,"date":"2024-03-23T08:13:00","date_gmt":"2024-03-23T12:13:00","guid":{"rendered":"https:\/\/jornaloalvorada.com.br\/site\/?p=5701"},"modified":"2024-04-09T09:15:28","modified_gmt":"2024-04-09T13:15:28","slug":"sabado-tem-previsao-de-sol-e-temperaturas-permanecem-amenas-em-mato-grosso-do-sul","status":"publish","type":"post","link":"https:\/\/jornaloalvorada.com.br\/site\/2024\/03\/23\/sabado-tem-previsao-de-sol-e-temperaturas-permanecem-amenas-em-mato-grosso-do-sul\/","title":{"rendered":"S\u00e1bado tem previs\u00e3o de sol e temperaturas permanecem amenas em Mato Grosso do Sul"},"content":{"rendered":"\n<p>A previs\u00e3o do tempo para este s\u00e1bado (23) indica sol e varia\u00e7\u00e3o de nebulosidade, com temperaturas mais amenas quando comparadas \u00e0 semana anterior. Existe ainda a possibilidade de chuvas principalmente nas regi\u00f5es Centro-Norte, Pantanal, Nordeste e Leste do estado.<\/p>\n\n\n\n<p>Al\u00e9m disso, de acordo com o Cemtec (Centro de Monitoramento do Tempo e do Clima),&nbsp; os ventos atuam do quadrante leste com valores entre 30-50 km\/h e, pontualmente, podem ocorrer rajadas de vento acima de 50 km\/h.<\/p>\n\n\n\n<p>Em Campo Grande, os term\u00f4metros marcam 22\u00b0C inicialmente e atingem 28\u00b0C ao longo do dia. Dourados tem m\u00ednima de 22\u00b0C e m\u00e1xima de 29\u00b0C. Os munic\u00edpios de Ponta Por\u00e3 e Anauril\u00e2ndia registram temperaturas semelhantes, com m\u00ednimas de 22\u00b0C e m\u00e1ximas de 28\u00b0C. Iguatemi, na regi\u00e3o Cone-Sul, apresenta varia\u00e7\u00e3o entre 22\u00b0C e 29\u00b0C.<\/p>\n\n\n\n<p>No Bols\u00e3o, Parana\u00edba e Tr\u00eas Lagoas amanhecem com 22\u00b0C e atingem, no per\u00edodo da tarde, 27\u00b0C e 29\u00b0C, respectivamente. Na regi\u00e3o Norte, a m\u00ednima em Coxim \u00e9 de 23\u00b0C e a m\u00e1xima chega aos 30\u00b0C.<\/p>\n\n\n\n<p>Em Corumb\u00e1, no Pantanal, as temperaturas variam entre 25\u00b0C e 28\u00b0C; Aquidauana, na mesma regi\u00e3o, tem m\u00ednima de 24\u00b0C e m\u00e1xima de 31\u00b0C. Porto Murtinho, na regi\u00e3o Sudoeste, inicia o dia com 24\u00b0C e registra, nos hor\u00e1rios mais quentes, at\u00e9 30\u00b0C.<\/p>\n\n\n\n<figure class=\"wp-block-image\"><a href=\"https:\/\/agenciadenoticias.ms.gov.br\/wp-content\/uploads\/2024\/03\/Mapa-Previsao-23-03-24.jpeg\"><img decoding=\"async\" src=\"https:\/\/agenciadenoticias.ms.gov.br\/wp-content\/uploads\/2024\/03\/Mapa-Previsao-23-03-24-1024x724.jpeg\" alt=\"\"\/><\/a><\/figure>\n\n\n\n<p><em>Heloisa Duim, Programa de Est\u00e1gio Supervisionado<\/em><br><em>Foto: \u00c1lvaro Rezende<\/em><\/p>\n","protected":false},"excerpt":{"rendered":"<p>A previs\u00e3o do tempo para este s\u00e1bado (23) indica sol e varia\u00e7\u00e3o de nebulosidade, com temperaturas mais amenas quando comparadas<\/p>\n","protected":false},"author":1,"featured_media":1347,"comment_status":"open","ping_status":"open","sticky":false,"template":"","format":"standard","meta":{"footnotes":""},"categories":[2],"tags":[],"class_list":["post-5701","post","type-post","status-publish","format-standard","has-post-thumbnail","hentry","category-noticias"],"_links":{"self":[{"href":"https:\/\/jornaloalvorada.com.br\/site\/wp-json\/wp\/v2\/posts\/5701","targetHints":{"allow":["GET"]}}],"collection":[{"href":"https:\/\/jornaloalvorada.com.br\/site\/wp-json\/wp\/v2\/posts"}],"about":[{"href":"https:\/\/jornaloalvorada.com.br\/site\/wp-json\/wp\/v2\/types\/post"}],"author":[{"embeddable":true,"href":"https:\/\/jornaloalvorada.com.br\/site\/wp-json\/wp\/v2\/users\/1"}],"replies":[{"embeddable":true,"href":"https:\/\/jornaloalvorada.com.br\/site\/wp-json\/wp\/v2\/comments?post=5701"}],"version-history":[{"count":1,"href":"https:\/\/jornaloalvorada.com.br\/site\/wp-json\/wp\/v2\/posts\/5701\/revisions"}],"predecessor-version":[{"id":5702,"href":"https:\/\/jornaloalvorada.com.br\/site\/wp-json\/wp\/v2\/posts\/5701\/revisions\/5702"}],"wp:featuredmedia":[{"embeddable":true,"href":"https:\/\/jornaloalvorada.com.br\/site\/wp-json\/wp\/v2\/media\/1347"}],"wp:attachment":[{"href":"https:\/\/jornaloalvorada.com.br\/site\/wp-json\/wp\/v2\/media?parent=5701"}],"wp:term":[{"taxonomy":"category","embeddable":true,"href":"https:\/\/jornaloalvorada.com.br\/site\/wp-json\/wp\/v2\/categories?post=5701"},{"taxonomy":"post_tag","embeddable":true,"href":"https:\/\/jornaloalvorada.com.br\/site\/wp-json\/wp\/v2\/tags?post=5701"}],"curies":[{"name":"wp","href":"https:\/\/api.w.org\/{rel}","templated":true}]}}