{"id":5689,"date":"2024-04-09T08:22:41","date_gmt":"2024-04-09T12:22:41","guid":{"rendered":"https:\/\/jornaloalvorada.com.br\/site\/?p=5689"},"modified":"2024-04-09T09:47:22","modified_gmt":"2024-04-09T13:47:22","slug":"bndes-abre-concurso-em-2024-para-150-vagas-de-nivel-superior","status":"publish","type":"post","link":"https:\/\/jornaloalvorada.com.br\/site\/2024\/04\/09\/bndes-abre-concurso-em-2024-para-150-vagas-de-nivel-superior\/","title":{"rendered":"BNDES abre concurso em 2024 para 150 vagas de n\u00edvel superior"},"content":{"rendered":"\n<p>O Banco Nacional de Desenvolvimento Econ\u00f4mico e Social (BNDES) confirmou que vai divulgar no segundo semestre deste ano edital para 150 vagas de preenchimento imediato, al\u00e9m de forma\u00e7\u00e3o de cadastro de reserva.<\/p>\n\n\n\n<p>Os empregados admitidos no concurso ingressar\u00e3o em novo Plano de Cargos e Sal\u00e1rios, no cargo de analista, que exige forma\u00e7\u00e3o em n\u00edvel superior, com sal\u00e1rio inicial de R$ 20.900.<\/p>\n\n\n\n<p>Depois de 11 anos sem concurso, ser\u00e3o oferecidas vagas somente para n\u00edvel universit\u00e1rio nas seguintes \u00e1reas de conhecimento: administra\u00e7\u00e3o, an\u00e1lise de sistemas &#8211; desenvolvimento, an\u00e1lise de sistemas &#8211; suporte, an\u00e1lise de sistemas &#8211; ciberseguran\u00e7a, arquitetura e urbanismo, arquivologia digital, ci\u00eancias cont\u00e1beis, ci\u00eancia de dados, comunica\u00e7\u00e3o social, direito, economia, engenharia e psicologia organizacional.<\/p>\n\n\n\n<p>Devido ao avan\u00e7o da transforma\u00e7\u00e3o digital e da intelig\u00eancia artificial, ser\u00e1 a primeira sele\u00e7\u00e3o p\u00fablica do BNDES a contemplar a \u00e1rea de&nbsp;ci\u00eancia de dados e ciberseguran\u00e7a. Especificamente em rela\u00e7\u00e3o \u00e0 ci\u00eancia de dados, candidatos com diploma de qualquer gradua\u00e7\u00e3o poder\u00e3o concorrer. De acordo com a diretora de Recursos Humanos e da \u00c1rea de Tecnologia da Informa\u00e7\u00e3o do BNDES, Helena Ten\u00f3rio, \u201cpor ser uma \u00e1rea de atua\u00e7\u00e3o nova e disputada por diversas organiza\u00e7\u00f5es, com pessoas de m\u00faltiplas forma\u00e7\u00f5es a ela se dedicando, a nova \u00eanfase em ci\u00eancia de dados ter\u00e1 requisito de acesso amplo, aberto a qualquer forma\u00e7\u00e3o de n\u00edvel universit\u00e1rio\u201d.<\/p>\n\n\n\n<p>Em linha com os objetivos institucionais do BNDES e do governo Lula de promover o desenvolvimento diverso e inclusivo, o pr\u00f3ximo concurso vai reservar 30% das vagas para candidatos negros&nbsp;e pelo menos 10%&nbsp;para pessoas com defici\u00eancia (PCDs).<\/p>\n\n\n\n<p>Em rela\u00e7\u00e3o \u00e0 banca organizadora, o BNDES\u00a0avalia\u00a0propostas de institui\u00e7\u00f5es com experi\u00eancia em concurso p\u00fablico similar. As informa\u00e7\u00f5es oficiais ser\u00e3o divulgadas nas pr\u00f3ximas semanas no <em>Di\u00e1rio Oficial da Uni\u00e3o<\/em>, em jornais de grande circula\u00e7\u00e3o e no <a href=\"https:\/\/www.bndes.gov.br\/wps\/portal\/site\/home\/quem-somos\/trabalhar-no-bndes\" target=\"_blank\" rel=\"noreferrer noopener\">Portal do BNDES<\/a>.<\/p>\n\n\n\n<p><strong><em>Fonte: Ag\u00eancia Brasil<\/em><\/strong><\/p>\n","protected":false},"excerpt":{"rendered":"<p>O Banco Nacional de Desenvolvimento Econ\u00f4mico e Social (BNDES) confirmou que vai divulgar no segundo semestre deste ano edital para<\/p>\n","protected":false},"author":1,"featured_media":5690,"comment_status":"open","ping_status":"open","sticky":false,"template":"","format":"standard","meta":{"footnotes":""},"categories":[2],"tags":[],"class_list":["post-5689","post","type-post","status-publish","format-standard","has-post-thumbnail","hentry","category-noticias"],"_links":{"self":[{"href":"https:\/\/jornaloalvorada.com.br\/site\/wp-json\/wp\/v2\/posts\/5689","targetHints":{"allow":["GET"]}}],"collection":[{"href":"https:\/\/jornaloalvorada.com.br\/site\/wp-json\/wp\/v2\/posts"}],"about":[{"href":"https:\/\/jornaloalvorada.com.br\/site\/wp-json\/wp\/v2\/types\/post"}],"author":[{"embeddable":true,"href":"https:\/\/jornaloalvorada.com.br\/site\/wp-json\/wp\/v2\/users\/1"}],"replies":[{"embeddable":true,"href":"https:\/\/jornaloalvorada.com.br\/site\/wp-json\/wp\/v2\/comments?post=5689"}],"version-history":[{"count":1,"href":"https:\/\/jornaloalvorada.com.br\/site\/wp-json\/wp\/v2\/posts\/5689\/revisions"}],"predecessor-version":[{"id":5691,"href":"https:\/\/jornaloalvorada.com.br\/site\/wp-json\/wp\/v2\/posts\/5689\/revisions\/5691"}],"wp:featuredmedia":[{"embeddable":true,"href":"https:\/\/jornaloalvorada.com.br\/site\/wp-json\/wp\/v2\/media\/5690"}],"wp:attachment":[{"href":"https:\/\/jornaloalvorada.com.br\/site\/wp-json\/wp\/v2\/media?parent=5689"}],"wp:term":[{"taxonomy":"category","embeddable":true,"href":"https:\/\/jornaloalvorada.com.br\/site\/wp-json\/wp\/v2\/categories?post=5689"},{"taxonomy":"post_tag","embeddable":true,"href":"https:\/\/jornaloalvorada.com.br\/site\/wp-json\/wp\/v2\/tags?post=5689"}],"curies":[{"name":"wp","href":"https:\/\/api.w.org\/{rel}","templated":true}]}}