{"id":5686,"date":"2024-04-09T08:13:01","date_gmt":"2024-04-09T12:13:01","guid":{"rendered":"https:\/\/jornaloalvorada.com.br\/site\/?p=5686"},"modified":"2024-04-09T09:47:29","modified_gmt":"2024-04-09T13:47:29","slug":"regulamentacao-de-redes-sociais-no-brasil-e-inevitavel-diz-pacheco","status":"publish","type":"post","link":"https:\/\/jornaloalvorada.com.br\/site\/2024\/04\/09\/regulamentacao-de-redes-sociais-no-brasil-e-inevitavel-diz-pacheco\/","title":{"rendered":"Regulamenta\u00e7\u00e3o de redes sociais no Brasil \u00e9 inevit\u00e1vel, diz Pacheco"},"content":{"rendered":"\n<p>O presidente do Senado Federal, senador Rodrigo Pacheco (PSD-MG), disse nesta segunda-feira (8) que a regulamenta\u00e7\u00e3o das redes sociais no pa\u00eds \u00e9 inevit\u00e1vel para que n\u00e3o haja discricionariedade por parte das plataformas.<\/p>\n\n\n\n<p>\u201cO que podemos contribuir para efetiva\u00e7\u00e3o da solu\u00e7\u00e3o desse debate que se travou nos \u00faltimos dias \u00e9 entregar marcos legislativos que sejam inteligentes e eficientes para poder disciplinar o uso dessas redes sociais no pa\u00eds\u201d, disse o senador, em entrevista coletiva, ap\u00f3s manifesta\u00e7\u00f5es do empres\u00e1rio Elon Musk, dono da rede X, sobre decis\u00f5es do ministro do Supremo Tribunal Federal (STF), Alexandre de Moraes.&nbsp;<\/p>\n\n\n\n<figure class=\"wp-block-image\"><img decoding=\"async\" src=\"https:\/\/folhadems.com.br\/site\/wp-content\/uploads\/2024\/04\/pacheco-1024x613.webp\" alt=\"\" class=\"wp-image-5814\"\/><figcaption class=\"wp-element-caption\">Presidente do Senado Federal, senador Rodrigo Pacheco (PSD-MG)<\/figcaption><\/figure>\n\n\n\n<p>Segundo Pacheco, \u00e9 preciso ter uma disciplina legal sobre o tema, inclusive para evitar que o Poder Judici\u00e1rio tenha que decidir sobre quest\u00f5es relativas ao uso das redes sociais sem que haja uma lei que discipline o assunto.&nbsp;<\/p>\n\n\n\n<p>\u201cIsso acaba gerando controv\u00e9rsias como essa que n\u00f3s vimos de o Poder Judici\u00e1rio precisar agir em rela\u00e7\u00e3o a atos antidemocr\u00e1ticos, a viola\u00e7\u00f5es de direitos, atentado \u00e0 democracia e isso ser interpretado como algum tipo de censura ou inibi\u00e7\u00e3o da liberdade de express\u00e3o\u201d.&nbsp;<\/p>\n\n\n\n<p>Pacheco citou o projeto de lei sobre a regula\u00e7\u00e3o das plataformas digitais, que foi aprovado em 2020 no Senado e agora tramita na C\u00e2mara dos Deputados.<\/p>\n\n\n\n<blockquote class=\"wp-block-quote is-layout-flow wp-block-quote-is-layout-flow\">\n<p>\u201cConsidero isso fundamental, n\u00e3o \u00e9 censura, n\u00e3o \u00e9 limita\u00e7\u00e3o da liberdade de express\u00e3o, s\u00e3o regras para o uso dessas plataformas digitais para que n\u00e3o haja captura de mentes de forma indiscriminada e que possa manipular desinforma\u00e7\u00f5es, disseminar \u00f3dio, viol\u00eancia, ataques a institui\u00e7\u00f5es. H\u00e1 um papel c\u00edvico que deve ser exercido pelas plataformas digitais de n\u00e3o permitir que esse ambiente seja um ambiente de vale tudo vale tudo\u201d.&nbsp;<\/p>\n<\/blockquote>\n\n\n\n<p>Outra proposta em debate no Congresso \u00e9 a que prev\u00ea um marco regulat\u00f3rio sobre o <a target=\"_blank\" rel=\"noreferrer noopener\">uso da tecnologia de intelig\u00eancia artificial<\/a> (IA) no pa\u00eds, de autoria do pr\u00f3prio senador Rodrigo Pacheco.<\/p>\n\n\n\n<p>O ministro-chefe da Secretaria de Rela\u00e7\u00f5es Institucionais, Alexandre Padilha, considerou \u201cinadmiss\u00edveis\u201d os ataques de Musk ao STF. Ele tamb\u00e9m ressaltou a necessidade de aprova\u00e7\u00e3o da legisla\u00e7\u00e3o sobre intelig\u00eancia artificial, e disse que o governo apoia a proposta, que est\u00e1 sendo relatada pelo senador de oposi\u00e7\u00e3o, Eduardo Gomes (PL-TO).&nbsp;<\/p>\n\n\n\n<blockquote class=\"wp-block-quote is-layout-flow wp-block-quote-is-layout-flow\">\n<p>\u201cA melhor resposta que o Brasil pode dar a esse que eu considero um ataque&nbsp;inadmiss\u00edvel \u00e0 Suprema Corte e \u00e0 pr\u00f3pria soberania brasileira \u00e9 a resposta pol\u00edtico-institucional. De um lado, todo apoio ao trabalho do Judici\u00e1rio pelos instrumentos de apura\u00e7\u00e3o de quem utiliza as redes sociais para atos criminosos. E ao mesmo tempo, o debate pol\u00edtico que o Congresso Nacional vem fazendo\u201d<\/p>\n<\/blockquote>\n\n\n\n<p>Nos \u00faltimos dias, Elon Musk publicou uma uma s\u00e9rie de postagens criticando o ministro Alexandre de Moraes e o STF. No s\u00e1bado (6), ele usou o espa\u00e7o para coment\u00e1rios do perfil do pr\u00f3prio ministro no X para atac\u00e1-lo. Na noite de domingo, Moraes determinou a&nbsp;inclus\u00e3o de Musk&nbsp;entre os investigados do chamado <a href=\"https:\/\/agenciabrasil.ebc.com.br\/justica\/noticia\/2024-04\/moraes-quer-inclusao-de-elon-musk-em-inquerito-das-milicias-digitais\" target=\"_blank\" rel=\"noreferrer noopener\">Inqu\u00e9rito das Mil\u00edcias Digitais<\/a> (Inq. 4.874), que apura a atua\u00e7\u00e3o criminosa de grupos suspeitos de disseminar not\u00edcias falsas em redes sociais para influenciar processos pol\u00edticos. Na mesma decis\u00e3o, o ministro ordena a instaura\u00e7\u00e3o de um \u201cinqu\u00e9rito por preven\u00e7\u00e3o\u201d para apurar as condutas de Musk.<\/p>\n\n\n\n<p><strong><em>Fonte: Ag\u00eancia Brasil<\/em><\/strong><\/p>\n","protected":false},"excerpt":{"rendered":"<p>O presidente do Senado Federal, senador Rodrigo Pacheco (PSD-MG), disse nesta segunda-feira (8) que a regulamenta\u00e7\u00e3o das redes sociais no<\/p>\n","protected":false},"author":1,"featured_media":5687,"comment_status":"open","ping_status":"open","sticky":false,"template":"","format":"standard","meta":{"footnotes":""},"categories":[2],"tags":[],"class_list":["post-5686","post","type-post","status-publish","format-standard","has-post-thumbnail","hentry","category-noticias"],"_links":{"self":[{"href":"https:\/\/jornaloalvorada.com.br\/site\/wp-json\/wp\/v2\/posts\/5686","targetHints":{"allow":["GET"]}}],"collection":[{"href":"https:\/\/jornaloalvorada.com.br\/site\/wp-json\/wp\/v2\/posts"}],"about":[{"href":"https:\/\/jornaloalvorada.com.br\/site\/wp-json\/wp\/v2\/types\/post"}],"author":[{"embeddable":true,"href":"https:\/\/jornaloalvorada.com.br\/site\/wp-json\/wp\/v2\/users\/1"}],"replies":[{"embeddable":true,"href":"https:\/\/jornaloalvorada.com.br\/site\/wp-json\/wp\/v2\/comments?post=5686"}],"version-history":[{"count":1,"href":"https:\/\/jornaloalvorada.com.br\/site\/wp-json\/wp\/v2\/posts\/5686\/revisions"}],"predecessor-version":[{"id":5688,"href":"https:\/\/jornaloalvorada.com.br\/site\/wp-json\/wp\/v2\/posts\/5686\/revisions\/5688"}],"wp:featuredmedia":[{"embeddable":true,"href":"https:\/\/jornaloalvorada.com.br\/site\/wp-json\/wp\/v2\/media\/5687"}],"wp:attachment":[{"href":"https:\/\/jornaloalvorada.com.br\/site\/wp-json\/wp\/v2\/media?parent=5686"}],"wp:term":[{"taxonomy":"category","embeddable":true,"href":"https:\/\/jornaloalvorada.com.br\/site\/wp-json\/wp\/v2\/categories?post=5686"},{"taxonomy":"post_tag","embeddable":true,"href":"https:\/\/jornaloalvorada.com.br\/site\/wp-json\/wp\/v2\/tags?post=5686"}],"curies":[{"name":"wp","href":"https:\/\/api.w.org\/{rel}","templated":true}]}}