{"id":5674,"date":"2024-04-08T17:23:52","date_gmt":"2024-04-08T21:23:52","guid":{"rendered":"https:\/\/jornaloalvorada.com.br\/site\/?p=5674"},"modified":"2024-04-09T09:46:43","modified_gmt":"2024-04-09T13:46:43","slug":"carteira-de-motorista-cnh-vai-liberar-ter-foto-com-itens-religiosos-entenda","status":"publish","type":"post","link":"https:\/\/jornaloalvorada.com.br\/site\/2024\/04\/08\/carteira-de-motorista-cnh-vai-liberar-ter-foto-com-itens-religiosos-entenda\/","title":{"rendered":"Carteira de motorista (CNH) vai liberar ter foto com itens religiosos; entenda"},"content":{"rendered":"\n<h4 class=\"wp-block-heading\"><em>Conselho Nacional de Tr\u00e2nsito tamb\u00e9m permitir\u00e1 imagem com itens de vestu\u00e1rio que cubram queda de cabelo decorrente de doen\u00e7as ou tratamento m\u00e9dico<\/em><\/h4>\n\n\n\n<p>O Conselho Nacional de Tr\u00e2nsito (Contran) publicou nova regra que passa a permitir que os motoristas usem&nbsp;<strong>itens de vestu\u00e1rio que cubram parte do rosto e da cabe\u00e7a na foto da Carteira Nacional de Habilita\u00e7\u00e3o (CNH)<\/strong>, desde que seja&nbsp;<strong>por motivos religiosos, de cren\u00e7a, queda de cabelo decorrente de doen\u00e7as ou tratamento m\u00e9dico<\/strong>.<\/p>\n\n\n\n<p>De acordo com a Resolu\u00e7\u00e3o n\u00ba 1.006, os itens de vestu\u00e1rio relacionados \u00e0 cren\u00e7a ou religi\u00e3o, como v\u00e9us e h\u00e1bitos, e relacionados \u00e0 queda de cabelo por causa de doen\u00e7as e tratamento m\u00e9dico poder\u00e3o ser utilizados nas fotos usadas para tirar o documento ou renov\u00e1-lo, por\u00e9m&nbsp;<strong>a face, a testa e o queixo precisam ficar vis\u00edveis<\/strong>.<\/p>\n\n\n\n<p>Em fevereiro deste ano, a Advocacia-Geral da Uni\u00e3o (AGU) enviou documento ao Supremo Tribunal Federal (STF) em que informava a inten\u00e7\u00e3o do governo federal de alterar as normas sobre trajes religiosos em fotos da CNH.<\/p>\n\n\n\n<p>Na ocasi\u00e3o, a AGU argumentou que medida \u00e9 para respeitar a liberdade religiosa e facilitar o reconhecimento dos cidad\u00e3os pelas autoridades de seguran\u00e7a p\u00fablica, al\u00e9m de ressaltar que n\u00e3o \u00e9 vedado o uso de roupas religiosas para emiss\u00e3o da carteira de identidade e do passaporte.<\/p>\n\n\n\n<p>No mesmo m\u00eas, o STF iniciou julgamento de a\u00e7\u00e3o sobre permiss\u00e3o para uso de trajes religiosos que cobrem rosto e cabe\u00e7a em fotografias de documentos oficiais. O processo teve origem ap\u00f3s uma freira ser impedida de tirar a foto para renova\u00e7\u00e3o da CNH vestida com o h\u00e1bito religioso, em Cascavel (PR).<\/p>\n\n\n\n<h2 class=\"wp-block-heading\">Restri\u00e7\u00f5es<\/h2>\n\n\n\n<p>A legisla\u00e7\u00e3o mant\u00e9m a&nbsp;<strong>proibi\u00e7\u00e3o para utiliza\u00e7\u00e3o de \u00f3culos, bon\u00e9s, gorros e chap\u00e9us nas fotos da carteira de motorista.<\/strong><\/p>\n\n\n\n<p>\u201cEsse \u00e9 um exemplo de atua\u00e7\u00e3o do governo federal em favor da liberdade religiosa, da inclus\u00e3o e de respeito \u00e0s diferen\u00e7as, al\u00e9m de representar uma moderniza\u00e7\u00e3o e adequa\u00e7\u00e3o da legisla\u00e7\u00e3o de tr\u00e2nsito aos tempos de pluralidade em que vivemos\u201d, destacou o secret\u00e1rio nacional de Tr\u00e2nsito, Adrualdo Cat\u00e3o.<\/p>\n\n\n\n<p><em><strong>Com informa\u00e7\u00f5es da Ag\u00eancia Brasil<\/strong><\/em><\/p>\n","protected":false},"excerpt":{"rendered":"<p>Conselho Nacional de Tr\u00e2nsito tamb\u00e9m permitir\u00e1 imagem com itens de vestu\u00e1rio que cubram queda de cabelo decorrente de doen\u00e7as ou<\/p>\n","protected":false},"author":1,"featured_media":5675,"comment_status":"open","ping_status":"open","sticky":false,"template":"","format":"standard","meta":{"footnotes":""},"categories":[2],"tags":[],"class_list":["post-5674","post","type-post","status-publish","format-standard","has-post-thumbnail","hentry","category-noticias"],"_links":{"self":[{"href":"https:\/\/jornaloalvorada.com.br\/site\/wp-json\/wp\/v2\/posts\/5674","targetHints":{"allow":["GET"]}}],"collection":[{"href":"https:\/\/jornaloalvorada.com.br\/site\/wp-json\/wp\/v2\/posts"}],"about":[{"href":"https:\/\/jornaloalvorada.com.br\/site\/wp-json\/wp\/v2\/types\/post"}],"author":[{"embeddable":true,"href":"https:\/\/jornaloalvorada.com.br\/site\/wp-json\/wp\/v2\/users\/1"}],"replies":[{"embeddable":true,"href":"https:\/\/jornaloalvorada.com.br\/site\/wp-json\/wp\/v2\/comments?post=5674"}],"version-history":[{"count":1,"href":"https:\/\/jornaloalvorada.com.br\/site\/wp-json\/wp\/v2\/posts\/5674\/revisions"}],"predecessor-version":[{"id":5676,"href":"https:\/\/jornaloalvorada.com.br\/site\/wp-json\/wp\/v2\/posts\/5674\/revisions\/5676"}],"wp:featuredmedia":[{"embeddable":true,"href":"https:\/\/jornaloalvorada.com.br\/site\/wp-json\/wp\/v2\/media\/5675"}],"wp:attachment":[{"href":"https:\/\/jornaloalvorada.com.br\/site\/wp-json\/wp\/v2\/media?parent=5674"}],"wp:term":[{"taxonomy":"category","embeddable":true,"href":"https:\/\/jornaloalvorada.com.br\/site\/wp-json\/wp\/v2\/categories?post=5674"},{"taxonomy":"post_tag","embeddable":true,"href":"https:\/\/jornaloalvorada.com.br\/site\/wp-json\/wp\/v2\/tags?post=5674"}],"curies":[{"name":"wp","href":"https:\/\/api.w.org\/{rel}","templated":true}]}}