{"id":5671,"date":"2024-04-08T17:21:11","date_gmt":"2024-04-08T21:21:11","guid":{"rendered":"https:\/\/jornaloalvorada.com.br\/site\/?p=5671"},"modified":"2024-04-09T09:46:52","modified_gmt":"2024-04-09T13:46:52","slug":"vaticano-e-papa-condenam-mudanca-de-sexo-e-ideologia-de-genero","status":"publish","type":"post","link":"https:\/\/jornaloalvorada.com.br\/site\/2024\/04\/08\/vaticano-e-papa-condenam-mudanca-de-sexo-e-ideologia-de-genero\/","title":{"rendered":"Vaticano e Papa condenam mudan\u00e7a de sexo e ideologia de g\u00eanero"},"content":{"rendered":"\n<p>Na segunda-feira, o Vaticano divulgou a Declara\u00e7\u00e3o Dignitas Infinita, do Dicast\u00e9rio para a Doutrina da F\u00e9, expressando oposi\u00e7\u00e3o ao ensino da ideologia de g\u00eanero e \u00e0 mudan\u00e7a de sexo. A Igreja Cat\u00f3lica Apost\u00f3lica Romana v\u00ea essa ideologia como uma amea\u00e7a \u00e0 distin\u00e7\u00e3o sexual, que considera fundamental para a estrutura da fam\u00edlia.<\/p>\n\n\n\n<p>O texto afirma que a vida \u00e9 uma d\u00e1diva divina e que a ideologia de g\u00eanero desafia a diferen\u00e7a sexual, vista pela Igreja como a mais significativa e potente, pois \u00e9 ela que possibilita o nascimento de nova vida.<\/p>\n\n\n\n<p>\u2013 Todas as tentativas de obscurecer a refer\u00eancia \u00e0 diferen\u00e7a sexual inelimin\u00e1vel entre homem e mulher devem ser rejeitadas \u2013 diz o texto.<\/p>\n\n\n\n<p>E continua:<\/p>\n\n\n\n<p>\u2013 Somente reconhecendo e aceitando esta diferen\u00e7a na reciprocidade \u00e9 que cada pessoa pode descobrir plenamente a si mesma, a sua dignidade e a sua identidade.<\/p>\n\n\n\n<p>O Vaticano diz ainda que respeitar a humanidade \u00e9, em primeiro lugar, aceit\u00e1-la e respeit\u00e1-la como \u201cfoi criada\u201d e que neste contexto, \u201cqualquer interven\u00e7\u00e3o de mudan\u00e7a de sexo, em regra, corre o risco de amea\u00e7ar a dignidade \u00fanica que a pessoa recebeu desde o momento da concep\u00e7\u00e3o\u201d.<\/p>\n\n\n\n<p>Sobre as condi\u00e7\u00f5es de anomalias genitais, o documento da Igreja Cat\u00f3lica diz que procedimentos m\u00e9dicos resolvem a quest\u00e3o.<\/p>\n\n\n\n<p>O Dicast\u00e9rio para a Doutrina da F\u00e9 tamb\u00e9m condena outros temas como a explora\u00e7\u00e3o, pornografia, cyberbullying, jogos de azar, guerras, pobreza, migra\u00e7\u00e3o, abusos sexuais, aborto, suic\u00eddio assistido, entre outros.<\/p>\n\n\n\n<p>Tal documento est\u00e1 em elabora\u00e7\u00e3o h\u00e1 cinco anos e sua vers\u00e3o final foi aprovada pelo papa Francisco no m\u00eas passado. As informa\u00e7\u00f5es s\u00e3o do Catholic Herald.<\/p>\n\n\n\n<p><strong><em>Fonte: Terra Brasil Not\u00edcias<\/em><\/strong><\/p>\n","protected":false},"excerpt":{"rendered":"<p>Na segunda-feira, o Vaticano divulgou a Declara\u00e7\u00e3o Dignitas Infinita, do Dicast\u00e9rio para a Doutrina da F\u00e9, expressando oposi\u00e7\u00e3o ao ensino<\/p>\n","protected":false},"author":1,"featured_media":5672,"comment_status":"open","ping_status":"open","sticky":false,"template":"","format":"standard","meta":{"footnotes":""},"categories":[2],"tags":[],"class_list":["post-5671","post","type-post","status-publish","format-standard","has-post-thumbnail","hentry","category-noticias"],"_links":{"self":[{"href":"https:\/\/jornaloalvorada.com.br\/site\/wp-json\/wp\/v2\/posts\/5671","targetHints":{"allow":["GET"]}}],"collection":[{"href":"https:\/\/jornaloalvorada.com.br\/site\/wp-json\/wp\/v2\/posts"}],"about":[{"href":"https:\/\/jornaloalvorada.com.br\/site\/wp-json\/wp\/v2\/types\/post"}],"author":[{"embeddable":true,"href":"https:\/\/jornaloalvorada.com.br\/site\/wp-json\/wp\/v2\/users\/1"}],"replies":[{"embeddable":true,"href":"https:\/\/jornaloalvorada.com.br\/site\/wp-json\/wp\/v2\/comments?post=5671"}],"version-history":[{"count":1,"href":"https:\/\/jornaloalvorada.com.br\/site\/wp-json\/wp\/v2\/posts\/5671\/revisions"}],"predecessor-version":[{"id":5673,"href":"https:\/\/jornaloalvorada.com.br\/site\/wp-json\/wp\/v2\/posts\/5671\/revisions\/5673"}],"wp:featuredmedia":[{"embeddable":true,"href":"https:\/\/jornaloalvorada.com.br\/site\/wp-json\/wp\/v2\/media\/5672"}],"wp:attachment":[{"href":"https:\/\/jornaloalvorada.com.br\/site\/wp-json\/wp\/v2\/media?parent=5671"}],"wp:term":[{"taxonomy":"category","embeddable":true,"href":"https:\/\/jornaloalvorada.com.br\/site\/wp-json\/wp\/v2\/categories?post=5671"},{"taxonomy":"post_tag","embeddable":true,"href":"https:\/\/jornaloalvorada.com.br\/site\/wp-json\/wp\/v2\/tags?post=5671"}],"curies":[{"name":"wp","href":"https:\/\/api.w.org\/{rel}","templated":true}]}}