{"id":5659,"date":"2024-04-08T09:28:50","date_gmt":"2024-04-08T13:28:50","guid":{"rendered":"https:\/\/jornaloalvorada.com.br\/site\/?p=5659"},"modified":"2024-04-09T09:45:55","modified_gmt":"2024-04-09T13:45:55","slug":"expocanas-2024-venha-conferir-as-ultimas-novidades-do-setor-com-a-participacao-de-varios-expositores-do-pais","status":"publish","type":"post","link":"https:\/\/jornaloalvorada.com.br\/site\/2024\/04\/08\/expocanas-2024-venha-conferir-as-ultimas-novidades-do-setor-com-a-participacao-de-varios-expositores-do-pais\/","title":{"rendered":"Expocanas 2024: Venha conferir as \u00faltimas novidades do setor com a participa\u00e7\u00e3o de v\u00e1rios expositores do pa\u00eds"},"content":{"rendered":"\n<p>O Agro n\u00e3o para de crescer e de se reinventar e na Expocanas 2024 teremos a oportunidade de conferir as \u00faltimas novidades do setor com a participa\u00e7\u00e3o de v\u00e1rios expositores do pa\u00eds, que v\u00e3o tornar essa edi\u00e7\u00e3o inesquec\u00edvel.<\/p>\n\n\n\n<p>Com entrada gratuita, o nosso encontro est\u00e1 marcado nos dias 10, 11 e 12 de abril.<\/p>\n\n\n\n<p><\/p>\n\n\n\n<iframe loading=\"lazy\" src=\"https:\/\/www.facebook.com\/plugins\/video.php?height=476&#038;href=https%3A%2F%2Fwww.facebook.com%2Fjppaleari%2Fvideos%2F3567880320208382%2F&#038;show_text=false&#038;width=269&#038;t=0\" width=\"269\" height=\"476\" style=\"border:none;overflow:hidden\" scrolling=\"no\" frameborder=\"0\" allowfullscreen=\"true\" allow=\"autoplay; clipboard-write; encrypted-media; picture-in-picture; web-share\" allowFullScreen=\"true\"><\/iframe>\n","protected":false},"excerpt":{"rendered":"<p>O Agro n\u00e3o para de crescer e de se reinventar e na Expocanas 2024 teremos a oportunidade de conferir as<\/p>\n","protected":false},"author":1,"featured_media":5660,"comment_status":"open","ping_status":"open","sticky":false,"template":"","format":"standard","meta":{"footnotes":""},"categories":[2],"tags":[],"class_list":["post-5659","post","type-post","status-publish","format-standard","has-post-thumbnail","hentry","category-noticias"],"_links":{"self":[{"href":"https:\/\/jornaloalvorada.com.br\/site\/wp-json\/wp\/v2\/posts\/5659","targetHints":{"allow":["GET"]}}],"collection":[{"href":"https:\/\/jornaloalvorada.com.br\/site\/wp-json\/wp\/v2\/posts"}],"about":[{"href":"https:\/\/jornaloalvorada.com.br\/site\/wp-json\/wp\/v2\/types\/post"}],"author":[{"embeddable":true,"href":"https:\/\/jornaloalvorada.com.br\/site\/wp-json\/wp\/v2\/users\/1"}],"replies":[{"embeddable":true,"href":"https:\/\/jornaloalvorada.com.br\/site\/wp-json\/wp\/v2\/comments?post=5659"}],"version-history":[{"count":1,"href":"https:\/\/jornaloalvorada.com.br\/site\/wp-json\/wp\/v2\/posts\/5659\/revisions"}],"predecessor-version":[{"id":5661,"href":"https:\/\/jornaloalvorada.com.br\/site\/wp-json\/wp\/v2\/posts\/5659\/revisions\/5661"}],"wp:featuredmedia":[{"embeddable":true,"href":"https:\/\/jornaloalvorada.com.br\/site\/wp-json\/wp\/v2\/media\/5660"}],"wp:attachment":[{"href":"https:\/\/jornaloalvorada.com.br\/site\/wp-json\/wp\/v2\/media?parent=5659"}],"wp:term":[{"taxonomy":"category","embeddable":true,"href":"https:\/\/jornaloalvorada.com.br\/site\/wp-json\/wp\/v2\/categories?post=5659"},{"taxonomy":"post_tag","embeddable":true,"href":"https:\/\/jornaloalvorada.com.br\/site\/wp-json\/wp\/v2\/tags?post=5659"}],"curies":[{"name":"wp","href":"https:\/\/api.w.org\/{rel}","templated":true}]}}