{"id":5652,"date":"2024-04-08T07:34:40","date_gmt":"2024-04-08T11:34:40","guid":{"rendered":"https:\/\/jornaloalvorada.com.br\/site\/?p=5652"},"modified":"2024-04-09T09:46:25","modified_gmt":"2024-04-09T13:46:25","slug":"toniazzo-e-pre-candidato-a-vereador-pelo-partido-progressitas-partido-da-senadora-tereza-cristina","status":"publish","type":"post","link":"https:\/\/jornaloalvorada.com.br\/site\/2024\/04\/08\/toniazzo-e-pre-candidato-a-vereador-pelo-partido-progressitas-partido-da-senadora-tereza-cristina\/","title":{"rendered":"Toniazzo \u00e9 pr\u00e9 candidato a vereador pelo Partido Progressitas partido da Senadora Tereza Cristina"},"content":{"rendered":"\n<p>O jornalista, radialista e promoter de eventos Jo\u00e3o Carlos Toniazzo, mais conhecido como Toniazzo, poder\u00e1 ser candidato a vereador pelo Partido Progressistas (PP) em Rio Brilhante, munic\u00edpio do estado de Mato Grosso do Sul.<\/p>\n\n\n\n<p>Toniazzo \u00e9 conhecido por organizar eventos sociais e culturais na cidade, como a tradicional Feijoada de Inverno, que re\u00fane empres\u00e1rios, pol\u00edticos e personalidades locais.<br>Ele tem uma trajet\u00f3ria profissional na \u00e1rea de comunica\u00e7\u00e3o, tendo atuado como jornalista, radialista e assessor de imprensa. Segundo ele, a sua experi\u00eancia e a sua rede de contatos podem contribuir para o desenvolvimento de Rio Brilhante, especialmente nas \u00e1reas de cultura, turismo, educa\u00e7\u00e3o e sa\u00fade.<\/p>\n\n\n\n<p><br>Embora ainda seja pr\u00e9-candidato a vereador j\u00e1 recebeu o apoio de lideran\u00e7as do PP. Al\u00e9m de ser uma pessoa com bom tr\u00e2nsito na sociedade, o jornalista tamb\u00e9m mant\u00e9m di\u00e1logo com v\u00e1rias correntes pol\u00edticas, e aposta nessa versatilidade para conquistar umas das 13 vagas do legislativo de Rio Brilhante.<\/p>\n\n\n\n<p><br>Acreditando no seu projeto pol\u00edtico, Toniazzo, vem ampliando seus contatos para apresentar um projeto pol\u00edtico inovador e participativo para Rio Brilhante.<\/p>\n\n\n\n<p>&nbsp;Partido PP<br><\/p>\n\n\n\n<p>A presidente do partido progressista em Mato Grosso do Sul, a senadotra Tereze Cristina esteve reunida com lideran\u00e7as do PP de Rio Brilhante, durante ato politico do prefeito Lucas Foroni &#8211; MDB e outras lideran\u00e7as estaduais.&nbsp;&nbsp;<\/p>\n\n\n\n<p>Segundo Toniazzo a senadora afirmou o apoio aos pr\u00e9 candidatos a vereadores (as) do PP partido que vai caminhar com o MDB do prefeito Lucas.<\/p>\n\n\n\n<p><strong><em>Fonte: Rio Brilhante Informa<\/em><\/strong><\/p>\n","protected":false},"excerpt":{"rendered":"<p>O jornalista, radialista e promoter de eventos Jo\u00e3o Carlos Toniazzo, mais conhecido como Toniazzo, poder\u00e1 ser candidato a vereador pelo<\/p>\n","protected":false},"author":1,"featured_media":5653,"comment_status":"open","ping_status":"open","sticky":false,"template":"","format":"standard","meta":{"footnotes":""},"categories":[2],"tags":[],"class_list":["post-5652","post","type-post","status-publish","format-standard","has-post-thumbnail","hentry","category-noticias"],"_links":{"self":[{"href":"https:\/\/jornaloalvorada.com.br\/site\/wp-json\/wp\/v2\/posts\/5652","targetHints":{"allow":["GET"]}}],"collection":[{"href":"https:\/\/jornaloalvorada.com.br\/site\/wp-json\/wp\/v2\/posts"}],"about":[{"href":"https:\/\/jornaloalvorada.com.br\/site\/wp-json\/wp\/v2\/types\/post"}],"author":[{"embeddable":true,"href":"https:\/\/jornaloalvorada.com.br\/site\/wp-json\/wp\/v2\/users\/1"}],"replies":[{"embeddable":true,"href":"https:\/\/jornaloalvorada.com.br\/site\/wp-json\/wp\/v2\/comments?post=5652"}],"version-history":[{"count":1,"href":"https:\/\/jornaloalvorada.com.br\/site\/wp-json\/wp\/v2\/posts\/5652\/revisions"}],"predecessor-version":[{"id":5654,"href":"https:\/\/jornaloalvorada.com.br\/site\/wp-json\/wp\/v2\/posts\/5652\/revisions\/5654"}],"wp:featuredmedia":[{"embeddable":true,"href":"https:\/\/jornaloalvorada.com.br\/site\/wp-json\/wp\/v2\/media\/5653"}],"wp:attachment":[{"href":"https:\/\/jornaloalvorada.com.br\/site\/wp-json\/wp\/v2\/media?parent=5652"}],"wp:term":[{"taxonomy":"category","embeddable":true,"href":"https:\/\/jornaloalvorada.com.br\/site\/wp-json\/wp\/v2\/categories?post=5652"},{"taxonomy":"post_tag","embeddable":true,"href":"https:\/\/jornaloalvorada.com.br\/site\/wp-json\/wp\/v2\/tags?post=5652"}],"curies":[{"name":"wp","href":"https:\/\/api.w.org\/{rel}","templated":true}]}}