{"id":5649,"date":"2024-04-08T06:55:00","date_gmt":"2024-04-08T10:55:00","guid":{"rendered":"https:\/\/jornaloalvorada.com.br\/site\/?p=5649"},"modified":"2024-04-09T09:45:46","modified_gmt":"2024-04-09T13:45:46","slug":"momento-historico-para-a-educacao-de-nova-alvorada-do-sul-a-reforma-e-ampliacao-do-cemei-maria-ferreira-barbosa","status":"publish","type":"post","link":"https:\/\/jornaloalvorada.com.br\/site\/2024\/04\/08\/momento-historico-para-a-educacao-de-nova-alvorada-do-sul-a-reforma-e-ampliacao-do-cemei-maria-ferreira-barbosa\/","title":{"rendered":"Momento hist\u00f3rico para a Educa\u00e7\u00e3o de Nova Alvorada do Sul; A reforma e amplia\u00e7\u00e3o do CEMEI Maria Ferreira Barbosa."},"content":{"rendered":"\n<p>Confira como ficou o nosso novo CEMEI, que conta com 100% das salas de aulas climatizadas.<\/p>\n\n\n\n<iframe loading=\"lazy\" src=\"https:\/\/www.facebook.com\/plugins\/video.php?height=314&#038;href=https%3A%2F%2Fwww.facebook.com%2Fjppaleari%2Fvideos%2F341459555567934%2F&#038;show_text=false&#038;width=560&#038;t=0\" width=\"560\" height=\"314\" style=\"border:none;overflow:hidden\" scrolling=\"no\" frameborder=\"0\" allowfullscreen=\"true\" allow=\"autoplay; clipboard-write; encrypted-media; picture-in-picture; web-share\" allowFullScreen=\"true\"><\/iframe>\n","protected":false},"excerpt":{"rendered":"<p>Confira como ficou o nosso novo CEMEI, que conta com 100% das salas de aulas climatizadas.<\/p>\n","protected":false},"author":1,"featured_media":5650,"comment_status":"open","ping_status":"open","sticky":false,"template":"","format":"standard","meta":{"footnotes":""},"categories":[2],"tags":[],"class_list":["post-5649","post","type-post","status-publish","format-standard","has-post-thumbnail","hentry","category-noticias"],"_links":{"self":[{"href":"https:\/\/jornaloalvorada.com.br\/site\/wp-json\/wp\/v2\/posts\/5649","targetHints":{"allow":["GET"]}}],"collection":[{"href":"https:\/\/jornaloalvorada.com.br\/site\/wp-json\/wp\/v2\/posts"}],"about":[{"href":"https:\/\/jornaloalvorada.com.br\/site\/wp-json\/wp\/v2\/types\/post"}],"author":[{"embeddable":true,"href":"https:\/\/jornaloalvorada.com.br\/site\/wp-json\/wp\/v2\/users\/1"}],"replies":[{"embeddable":true,"href":"https:\/\/jornaloalvorada.com.br\/site\/wp-json\/wp\/v2\/comments?post=5649"}],"version-history":[{"count":1,"href":"https:\/\/jornaloalvorada.com.br\/site\/wp-json\/wp\/v2\/posts\/5649\/revisions"}],"predecessor-version":[{"id":5651,"href":"https:\/\/jornaloalvorada.com.br\/site\/wp-json\/wp\/v2\/posts\/5649\/revisions\/5651"}],"wp:featuredmedia":[{"embeddable":true,"href":"https:\/\/jornaloalvorada.com.br\/site\/wp-json\/wp\/v2\/media\/5650"}],"wp:attachment":[{"href":"https:\/\/jornaloalvorada.com.br\/site\/wp-json\/wp\/v2\/media?parent=5649"}],"wp:term":[{"taxonomy":"category","embeddable":true,"href":"https:\/\/jornaloalvorada.com.br\/site\/wp-json\/wp\/v2\/categories?post=5649"},{"taxonomy":"post_tag","embeddable":true,"href":"https:\/\/jornaloalvorada.com.br\/site\/wp-json\/wp\/v2\/tags?post=5649"}],"curies":[{"name":"wp","href":"https:\/\/api.w.org\/{rel}","templated":true}]}}