{"id":5599,"date":"2024-04-05T14:38:25","date_gmt":"2024-04-05T18:38:25","guid":{"rendered":"https:\/\/jornaloalvorada.com.br\/site\/?p=5599"},"modified":"2024-04-09T09:45:06","modified_gmt":"2024-04-09T13:45:06","slug":"acontece-hoje-a-inauguracao-da-reforma-e-ampliacao-do-cemei-extensao-maria-ferreira-barbosa","status":"publish","type":"post","link":"https:\/\/jornaloalvorada.com.br\/site\/2024\/04\/05\/acontece-hoje-a-inauguracao-da-reforma-e-ampliacao-do-cemei-extensao-maria-ferreira-barbosa\/","title":{"rendered":"Acontece hoje a inaugura\u00e7\u00e3o da reforma e amplia\u00e7\u00e3o do Cemei Extens\u00e3o Maria Ferreira Barbosa"},"content":{"rendered":"\n<p>A Prefeitura Municipal tem a alegria de convidar toda a popula\u00e7\u00e3o para a Inaugura\u00e7\u00e3o da Reforma e Amplia\u00e7\u00e3o do Cemei Extens\u00e3o Maria Ferreira Barbosa<\/p>\n\n\n\n<p>\ud83d\udcc5 Data: Hoje, sexta-feira, 05 de abril<br>\ud83d\udd56 Hor\u00e1rio: A partir das 19 horas<\/p>\n\n\n\n<p>Venha fazer parte desse momento especial para nossas crian\u00e7as<\/p>\n\n\n\n<figure class=\"wp-block-image size-large\"><img loading=\"lazy\" decoding=\"async\" width=\"1024\" height=\"1024\" src=\"https:\/\/jornaloalvorada.com.br\/site\/wp-content\/uploads\/2024\/04\/cemei-1024x1024.jpeg\" alt=\"\" class=\"wp-image-5600\" srcset=\"https:\/\/jornaloalvorada.com.br\/site\/wp-content\/uploads\/2024\/04\/cemei-1024x1024.jpeg 1024w, https:\/\/jornaloalvorada.com.br\/site\/wp-content\/uploads\/2024\/04\/cemei-300x300.jpeg 300w, https:\/\/jornaloalvorada.com.br\/site\/wp-content\/uploads\/2024\/04\/cemei-150x150.jpeg 150w, https:\/\/jornaloalvorada.com.br\/site\/wp-content\/uploads\/2024\/04\/cemei-768x768.jpeg 768w, https:\/\/jornaloalvorada.com.br\/site\/wp-content\/uploads\/2024\/04\/cemei.jpeg 1080w\" sizes=\"auto, (max-width: 1024px) 100vw, 1024px\" \/><\/figure>\n","protected":false},"excerpt":{"rendered":"<p>A Prefeitura Municipal tem a alegria de convidar toda a popula\u00e7\u00e3o para a Inaugura\u00e7\u00e3o da Reforma e Amplia\u00e7\u00e3o do Cemei<\/p>\n","protected":false},"author":1,"featured_media":5601,"comment_status":"open","ping_status":"open","sticky":false,"template":"","format":"standard","meta":{"footnotes":""},"categories":[2],"tags":[],"class_list":["post-5599","post","type-post","status-publish","format-standard","has-post-thumbnail","hentry","category-noticias"],"_links":{"self":[{"href":"https:\/\/jornaloalvorada.com.br\/site\/wp-json\/wp\/v2\/posts\/5599","targetHints":{"allow":["GET"]}}],"collection":[{"href":"https:\/\/jornaloalvorada.com.br\/site\/wp-json\/wp\/v2\/posts"}],"about":[{"href":"https:\/\/jornaloalvorada.com.br\/site\/wp-json\/wp\/v2\/types\/post"}],"author":[{"embeddable":true,"href":"https:\/\/jornaloalvorada.com.br\/site\/wp-json\/wp\/v2\/users\/1"}],"replies":[{"embeddable":true,"href":"https:\/\/jornaloalvorada.com.br\/site\/wp-json\/wp\/v2\/comments?post=5599"}],"version-history":[{"count":1,"href":"https:\/\/jornaloalvorada.com.br\/site\/wp-json\/wp\/v2\/posts\/5599\/revisions"}],"predecessor-version":[{"id":5602,"href":"https:\/\/jornaloalvorada.com.br\/site\/wp-json\/wp\/v2\/posts\/5599\/revisions\/5602"}],"wp:featuredmedia":[{"embeddable":true,"href":"https:\/\/jornaloalvorada.com.br\/site\/wp-json\/wp\/v2\/media\/5601"}],"wp:attachment":[{"href":"https:\/\/jornaloalvorada.com.br\/site\/wp-json\/wp\/v2\/media?parent=5599"}],"wp:term":[{"taxonomy":"category","embeddable":true,"href":"https:\/\/jornaloalvorada.com.br\/site\/wp-json\/wp\/v2\/categories?post=5599"},{"taxonomy":"post_tag","embeddable":true,"href":"https:\/\/jornaloalvorada.com.br\/site\/wp-json\/wp\/v2\/tags?post=5599"}],"curies":[{"name":"wp","href":"https:\/\/api.w.org\/{rel}","templated":true}]}}