{"id":5430,"date":"2024-03-22T07:46:27","date_gmt":"2024-03-22T11:46:27","guid":{"rendered":"https:\/\/jornaloalvorada.com.br\/site\/?p=5430"},"modified":"2024-04-09T09:07:54","modified_gmt":"2024-04-09T13:07:54","slug":"prefeito-paleari-recebe-presidente-do-instituto-de-previdencia-social-dos-servidores-municipais-de-nova-alvorada-do-sul","status":"publish","type":"post","link":"https:\/\/jornaloalvorada.com.br\/site\/2024\/03\/22\/prefeito-paleari-recebe-presidente-do-instituto-de-previdencia-social-dos-servidores-municipais-de-nova-alvorada-do-sul\/","title":{"rendered":"Prefeito Paleari recebe presidente do Instituto de Previd\u00eancia Social dos Servidores Municipais de Nova Alvorada do Sul"},"content":{"rendered":"\n<p>Recebendo a visita dos nossos parceiros Rosineide Lichewiski presidente do Instituto de Previd\u00eancia Social dos Servidores Municipais de Nova Alvorada do Sul e Marcio Pedroso.<\/p>\n\n\n\n<p>Na ocasi\u00e3o reafirmaram o apoio para com a nossa gest\u00e3o, que tem como prioridade o bem estar da popula\u00e7\u00e3o e o desenvolvimento do nosso Munic\u00edpio.<\/p>\n","protected":false},"excerpt":{"rendered":"<p>Recebendo a visita dos nossos parceiros Rosineide Lichewiski presidente do Instituto de Previd\u00eancia Social dos Servidores Municipais de Nova Alvorada<\/p>\n","protected":false},"author":1,"featured_media":5431,"comment_status":"open","ping_status":"open","sticky":false,"template":"","format":"standard","meta":{"footnotes":""},"categories":[2],"tags":[],"class_list":["post-5430","post","type-post","status-publish","format-standard","has-post-thumbnail","hentry","category-noticias"],"_links":{"self":[{"href":"https:\/\/jornaloalvorada.com.br\/site\/wp-json\/wp\/v2\/posts\/5430","targetHints":{"allow":["GET"]}}],"collection":[{"href":"https:\/\/jornaloalvorada.com.br\/site\/wp-json\/wp\/v2\/posts"}],"about":[{"href":"https:\/\/jornaloalvorada.com.br\/site\/wp-json\/wp\/v2\/types\/post"}],"author":[{"embeddable":true,"href":"https:\/\/jornaloalvorada.com.br\/site\/wp-json\/wp\/v2\/users\/1"}],"replies":[{"embeddable":true,"href":"https:\/\/jornaloalvorada.com.br\/site\/wp-json\/wp\/v2\/comments?post=5430"}],"version-history":[{"count":1,"href":"https:\/\/jornaloalvorada.com.br\/site\/wp-json\/wp\/v2\/posts\/5430\/revisions"}],"predecessor-version":[{"id":5432,"href":"https:\/\/jornaloalvorada.com.br\/site\/wp-json\/wp\/v2\/posts\/5430\/revisions\/5432"}],"wp:featuredmedia":[{"embeddable":true,"href":"https:\/\/jornaloalvorada.com.br\/site\/wp-json\/wp\/v2\/media\/5431"}],"wp:attachment":[{"href":"https:\/\/jornaloalvorada.com.br\/site\/wp-json\/wp\/v2\/media?parent=5430"}],"wp:term":[{"taxonomy":"category","embeddable":true,"href":"https:\/\/jornaloalvorada.com.br\/site\/wp-json\/wp\/v2\/categories?post=5430"},{"taxonomy":"post_tag","embeddable":true,"href":"https:\/\/jornaloalvorada.com.br\/site\/wp-json\/wp\/v2\/tags?post=5430"}],"curies":[{"name":"wp","href":"https:\/\/api.w.org\/{rel}","templated":true}]}}