{"id":5420,"date":"2024-03-21T08:55:36","date_gmt":"2024-03-21T12:55:36","guid":{"rendered":"https:\/\/jornaloalvorada.com.br\/site\/?p=5420"},"modified":"2024-03-21T08:55:40","modified_gmt":"2024-03-21T12:55:40","slug":"aproximacao-de-frente-fria-ameniza-temperaturas-em-ms-nesta-quinta-feira","status":"publish","type":"post","link":"https:\/\/jornaloalvorada.com.br\/site\/2024\/03\/21\/aproximacao-de-frente-fria-ameniza-temperaturas-em-ms-nesta-quinta-feira\/","title":{"rendered":"Aproxima\u00e7\u00e3o de frente fria ameniza temperaturas em MS nesta quinta-feira"},"content":{"rendered":"\n<p>Para esta quinta-feira (21), a previs\u00e3o indica mudan\u00e7as no tempo com a aproxima\u00e7\u00e3o e avan\u00e7o de uma frente fria. O dia amanhece com tempo firme, por\u00e9m, ao longo dele, ocorre um aumento de nebulosidade. Al\u00e9m disso, s\u00e3o esperadas chuvas fracas a moderadas e, localmente, tempestades acompanhadas de raios e rajadas de vento.<\/p>\n\n\n\n<p>De acordo com o Cemtec (Centro de Monitoramento do Tempo e do Clima), tais instabilidades atmosf\u00e9ricas ocorrem devido ao intenso transporte de calor e umidade, aliado ao avan\u00e7o de um cavado que antecede a chegada da frente fria. A atua\u00e7\u00e3o de um sistema de baixa press\u00e3o atmosf\u00e9rica tamb\u00e9m favorece a forma\u00e7\u00e3o de nuvens e chuvas.<\/p>\n\n\n\n<p>Em Campo Grande, os term\u00f4metros marcam 26\u00b0C inicialmente e atingem 35\u00b0C. Em Dourados, a m\u00ednima \u00e9 de 25\u00b0C e a m\u00e1xima de 38\u00b0C. Na regi\u00e3o Sul, Ponta Por\u00e3 e Iguatemi registram 26\u00b0C pela manh\u00e3 e chegam, no per\u00edodo da tarde, a 36\u00b0C e 37\u00b0C, respectivamente.<\/p>\n\n\n\n<p>Parana\u00edba, no Bols\u00e3o, tem m\u00ednima de 25\u00b0C e m\u00e1xima de 35\u00b0C; em Tr\u00eas Lagoas, na mesma regi\u00e3o, os valores variam entre 27\u00b0C e 37\u00b0C. No Norte do estado, o munic\u00edpio de Coxim tem m\u00ednima de 25\u00b0C e m\u00e1xima de 35\u00b0C.<\/p>\n\n\n\n<p>Na regi\u00e3o pantaneira, Aquidauana e Corumb\u00e1 atingem 38\u00b0C nos hor\u00e1rios mais quentes do dia, com m\u00ednimas respectivas de 27\u00b0C e 29\u00b0C. Porto Murtinho, no Sudoeste, registra varia\u00e7\u00e3o entre 29\u00b0C e 40\u00b0C, temperatura mais alta do dia.<\/p>\n\n\n\n<figure class=\"wp-block-image\"><a href=\"https:\/\/agenciadenoticias.ms.gov.br\/wp-content\/uploads\/2024\/03\/Mapa-Previsao-21-03-24.jpeg\"><img decoding=\"async\" src=\"https:\/\/agenciadenoticias.ms.gov.br\/wp-content\/uploads\/2024\/03\/Mapa-Previsao-21-03-24-1024x724.jpeg\" alt=\"\"\/><\/a><\/figure>\n\n\n\n<p><em>Heloisa Duim, Programa de Est\u00e1gio Supervisionado<\/em><br><em>Foto: Bruno Rezende<\/em><\/p>\n","protected":false},"excerpt":{"rendered":"<p>Para esta quinta-feira (21), a previs\u00e3o indica mudan\u00e7as no tempo com a aproxima\u00e7\u00e3o e avan\u00e7o de uma frente fria. O<\/p>\n","protected":false},"author":1,"featured_media":5421,"comment_status":"open","ping_status":"open","sticky":false,"template":"","format":"standard","meta":{"footnotes":""},"categories":[2],"tags":[],"class_list":["post-5420","post","type-post","status-publish","format-standard","has-post-thumbnail","hentry","category-noticias"],"_links":{"self":[{"href":"https:\/\/jornaloalvorada.com.br\/site\/wp-json\/wp\/v2\/posts\/5420","targetHints":{"allow":["GET"]}}],"collection":[{"href":"https:\/\/jornaloalvorada.com.br\/site\/wp-json\/wp\/v2\/posts"}],"about":[{"href":"https:\/\/jornaloalvorada.com.br\/site\/wp-json\/wp\/v2\/types\/post"}],"author":[{"embeddable":true,"href":"https:\/\/jornaloalvorada.com.br\/site\/wp-json\/wp\/v2\/users\/1"}],"replies":[{"embeddable":true,"href":"https:\/\/jornaloalvorada.com.br\/site\/wp-json\/wp\/v2\/comments?post=5420"}],"version-history":[{"count":1,"href":"https:\/\/jornaloalvorada.com.br\/site\/wp-json\/wp\/v2\/posts\/5420\/revisions"}],"predecessor-version":[{"id":5422,"href":"https:\/\/jornaloalvorada.com.br\/site\/wp-json\/wp\/v2\/posts\/5420\/revisions\/5422"}],"wp:featuredmedia":[{"embeddable":true,"href":"https:\/\/jornaloalvorada.com.br\/site\/wp-json\/wp\/v2\/media\/5421"}],"wp:attachment":[{"href":"https:\/\/jornaloalvorada.com.br\/site\/wp-json\/wp\/v2\/media?parent=5420"}],"wp:term":[{"taxonomy":"category","embeddable":true,"href":"https:\/\/jornaloalvorada.com.br\/site\/wp-json\/wp\/v2\/categories?post=5420"},{"taxonomy":"post_tag","embeddable":true,"href":"https:\/\/jornaloalvorada.com.br\/site\/wp-json\/wp\/v2\/tags?post=5420"}],"curies":[{"name":"wp","href":"https:\/\/api.w.org\/{rel}","templated":true}]}}