{"id":5406,"date":"2024-03-20T09:25:13","date_gmt":"2024-03-20T13:25:13","guid":{"rendered":"https:\/\/jornaloalvorada.com.br\/site\/?p=5406"},"modified":"2024-03-20T09:25:16","modified_gmt":"2024-03-20T13:25:16","slug":"com-inicio-do-outono-estiagem-ganha-forca-e-mantem-alerta-de-incendios-florestais-no-pantanal","status":"publish","type":"post","link":"https:\/\/jornaloalvorada.com.br\/site\/2024\/03\/20\/com-inicio-do-outono-estiagem-ganha-forca-e-mantem-alerta-de-incendios-florestais-no-pantanal\/","title":{"rendered":"Com in\u00edcio do outono, estiagem ganha for\u00e7a e mant\u00e9m alerta de inc\u00eandios florestais no Pantanal"},"content":{"rendered":"\n<p>O per\u00edodo do outono, que come\u00e7a hoje (20), deve ser marcado pela continua\u00e7\u00e3o da estiagem em Mato Grosso do Sul. Com chuvas reduzidas desde o fim de 2023 no Estado, a previs\u00e3o \u00e9 de que no pr\u00f3ximo trimestre &#8211; entre abril e junho \u2013 fiquem entre 40% e 60% abaixo da m\u00e9dica hist\u00f3rica.<\/p>\n\n\n\n<p>O progn\u00f3stico realizado pelo Cemtec (Centro de Monitoramento do Tempo e do Clima de Mato Grosso do Sul) \u00e9 que de que no outono os \u00edndices de precipita\u00e7\u00e3o acumulada sejam ainda menores do que durante o ver\u00e3o, j\u00e1 marcado pela falta de chuvas.<\/p>\n\n\n\n<p>A situa\u00e7\u00e3o intensifica o alerta relativo a ocorr\u00eancia de inc\u00eandios florestais, especialmente no Pantanal. O bioma registra chuvas abaixo das medidas hist\u00f3ricas desde novembro de 2023, situa\u00e7\u00e3o que contribuiu para registros de inc\u00eandios nos meses de novembro e dezembro do ano passado, al\u00e9m de janeiro deste ano, quando normalmente os casos n\u00e3o ocorrem por conta do per\u00edodo t\u00edpico de cheia e chuvas intensas.<\/p>\n\n\n\n<p>O Cemtec tamb\u00e9m prev\u00ea que o trimestre seja \u201cbem mais quente que o normal em Mato Grosso do Sul\u201d, entre 70% e 100% acima.<\/p>\n\n\n\n<p>\u201cA combina\u00e7\u00e3o dos modelos mostra que as chuvas devem ficar abaixo da m\u00e9dia hist\u00f3rica para o per\u00edodo de abril, maio e junho. Os dados coletados tamb\u00e9m mostram chuvas abaixo da m\u00e9dia hist\u00f3rica em grande parte do Estado\u201d, afirma o relat\u00f3rio do Centro de Monitoramento.<\/p>\n\n\n\n<p>Os dados apontaram ainda que, no m\u00eas de fevereiro deste ano, as temperaturas m\u00e1ximas do ar ficaram entre 37\u00b0C e 40\u00b0C, evidenciando um trimestre mais quente que o normal.<\/p>\n\n\n\n<p>A previs\u00e3o do Cemtec \u00e9 de que a precipita\u00e7\u00e3o deve se manter abaixo da m\u00e9dia climatol\u00f3gica em grande parte do Estado para o trimestre entre abril e junho e as temperaturas tendem a ficar acima. A situa\u00e7\u00e3o clim\u00e1tica, de tend\u00eancia de chuvas abaixo da m\u00e9dia e temperatura do ar acima da m\u00e9dia hist\u00f3rica, ainda est\u00e1 relacionada \u00e0 atua\u00e7\u00e3o do fen\u00f4meno El Ni\u00f1o, que dever\u00e1 apresentar um enfraquecimento gradual nos pr\u00f3ximos meses.<\/p>\n\n\n\n<p>As proje\u00e7\u00f5es de clima indicam uma transi\u00e7\u00e3o para condi\u00e7\u00e3o de neutralidade do fen\u00f4meno ENOS (situa\u00e7\u00f5es nas quais o oceano Pac\u00edfico Equatorial est\u00e1 mais quente (El Ni\u00f1o) ou mais frio (La Ni\u00f1a) do que a m\u00e9dia normal hist\u00f3rica) para o pr\u00f3ximo trimestre. J\u00e1 no segundo semestre, os modelos apontam para uma probabilidade de ocorr\u00eancia da La Ni\u00f1a.<\/p>\n\n\n\n<figure class=\"wp-block-image\"><a href=\"https:\/\/agenciadenoticias.ms.gov.br\/wp-content\/uploads\/2024\/02\/Pantanal_Serra-Amolar_incendio-02-fev-2023_Natalia-Yahn.jpeg\"><img decoding=\"async\" src=\"https:\/\/agenciadenoticias.ms.gov.br\/wp-content\/uploads\/2024\/02\/Pantanal_Serra-Amolar_incendio-02-fev-2023_Natalia-Yahn.jpeg\" alt=\"\"\/><\/a><figcaption class=\"wp-element-caption\">Foto: Natalia Yahn<\/figcaption><\/figure>\n\n\n\n<figure class=\"wp-block-image\"><a href=\"https:\/\/agenciadenoticias.ms.gov.br\/wp-content\/uploads\/2024\/02\/incendio-4-serra-amolar_pantanal-fev-2024_teo-pini.jpeg\"><img decoding=\"async\" src=\"https:\/\/agenciadenoticias.ms.gov.br\/wp-content\/uploads\/2024\/02\/incendio-4-serra-amolar_pantanal-fev-2024_teo-pini.jpeg\" alt=\"\"\/><\/a><figcaption class=\"wp-element-caption\">Fotos: Divulga\u00e7\u00e3o<\/figcaption><\/figure>\n\n\n\n<p><strong>Seca<\/strong><\/p>\n\n\n\n<p>A situa\u00e7\u00e3o de alerta em rela\u00e7\u00e3o ao clima em Mato Grosso do Sul, que registra chuvas abaixo da m\u00e9dia h\u00e1 tr\u00eas meses, \u00e9 acompanhada pela ANA (Ag\u00eancia Nacional de \u00c1guas e Saneamento B\u00e1sico).<\/p>\n\n\n\n<p>No dia 26 de fevereiro, a Ag\u00eancia confirmou que a Bacia do Rio Paraguai enfrenta seca em Mato Grosso do Sul, e tamb\u00e9m no estado do Mato Grosso.<\/p>\n\n\n\n<p>Para coordenar as a\u00e7\u00f5es de monitoramento e gest\u00e3o a fim de mitigar os efeitos da seca, o grupo formado por representantes de ag\u00eancias da Uni\u00e3o e do Estado, inclusive Cemtec e Comit\u00ea do Fogo, elaboram um plano de a\u00e7\u00e3o que dever\u00e1 ser colocado em pr\u00e1tica nos pr\u00f3ximos meses.<\/p>\n\n\n\n<p>O superintendente de Opera\u00e7\u00f5es e Eventos Cr\u00edticos da ANA, Joaquim Gondim, afirmou que na Bacia do Rio Paraguai houve avan\u00e7o da seca moderada e agravamento da seca desde o fim de 2023. \u201cO per\u00edodo chuvoso na regi\u00e3o do alto Paraguai, no Pantanal, se estende de outubro a abril ou maio. O que temos observado at\u00e9 agora \u00e9 uma fraca recupera\u00e7\u00e3o dos rios, com registros dos n\u00edveis pr\u00f3ximos aos m\u00ednimos hist\u00f3ricos. No monitor de seca percebe-se que todo o estado do Mato Grosso se encontra em est\u00e1gio de seca. J\u00e1 no Mato Grosso do Sul houve um avan\u00e7o da seca moderada no centro e noroeste do estado, houve agravamento da seca\u201d.<\/p>\n\n\n\n<figure class=\"wp-block-image\"><a href=\"https:\/\/agenciadenoticias.ms.gov.br\/wp-content\/uploads\/2023\/08\/Pantanal-Tempo-Foto-Bruno-Rezende-10-scaled.jpg\"><img decoding=\"async\" src=\"https:\/\/agenciadenoticias.ms.gov.br\/wp-content\/uploads\/2023\/08\/Pantanal-Tempo-Foto-Bruno-Rezende-10-scaled.jpg\" alt=\"\"\/><\/a><\/figure>\n\n\n\n<figure class=\"wp-block-image\"><a href=\"https:\/\/agenciadenoticias.ms.gov.br\/wp-content\/uploads\/2023\/08\/Pantanal-Tempo-Foto-Bruno-Rezende-06-scaled.jpg\"><img decoding=\"async\" src=\"https:\/\/agenciadenoticias.ms.gov.br\/wp-content\/uploads\/2023\/08\/Pantanal-Tempo-Foto-Bruno-Rezende-06-scaled.jpg\" alt=\"\"\/><\/a><\/figure>\n\n\n\n<p>A situa\u00e7\u00e3o em Mato Grosso do Sul, com a seca elevada de fraca para moderada, ascendeu alerta para o per\u00edodo do outono, que come\u00e7a amanh\u00e3, e do inverno \u2013 que tem in\u00edcio em junho. \u201cO objetivo \u00e9 compartilhar melhores informa\u00e7\u00f5es dispon\u00edveis e identificar as medidas necess\u00e1rias para que os diversos atores estejam preparados para os poss\u00edveis impactos dos baixos n\u00edveis dos rios nos pr\u00f3ximos meses\u201d, disse Gondim sobre a reuni\u00e3o que ocorreu na \u00faltima semana de fevereiro.<\/p>\n\n\n\n<p>A meteorologista Mar\u00edlia Nascimento, do Inpe (Instituto Nacional de Pesquisas Espaciais), tamb\u00e9m participou do primeiro encontro do grupo t\u00e9cnico em 2024 \u2013 realizado de maneira online \u2013, que pontuou sobre a falta de chuvas e altas temperaturas.<\/p>\n\n\n\n<p>\u201cA atual situa\u00e7\u00e3o j\u00e1 foi classificada como forte e teve a temperatura elevada entre 3\u00b0C e 4\u00b0C na regi\u00e3o (por conta do El Ni\u00f1o, que provoca o aumento da temperatura). Agora a classifica\u00e7\u00e3o \u00e9 moderada a forte, com anomalia de temperaturas mais aquecidas. At\u00e9 abril, deve persistir, e passar para neutralidade at\u00e9 junho\u201d.<\/p>\n\n\n\n<p>Um dos principais pontos negativos relacionados ao clima, que foi pontuado no encontro da ANA com os representantes do grupo, \u00e9 a redu\u00e7\u00e3o ou aus\u00eancia de chuvas. \u201cEntre os meses de novembro dezembro (de 2023), principalmente, houve valores baixos de precipita\u00e7\u00e3o observados, nada significativos sob a regi\u00e3o, resultando em grande parte anomalias negativas. Desde outubro (do ano passado), em todos os meses as chuvas na bacia esteve abaixo, com a mesma previs\u00e3o para pr\u00f3ximos meses\u201d, finalizou a meteorologista.<\/p>\n\n\n\n<figure class=\"wp-block-image\"><a href=\"https:\/\/agenciadenoticias.ms.gov.br\/wp-content\/uploads\/2023\/08\/Pantanal-Foto-Bruno-Rezende-19-scaled.jpg\"><img decoding=\"async\" src=\"https:\/\/agenciadenoticias.ms.gov.br\/wp-content\/uploads\/2023\/08\/Pantanal-Foto-Bruno-Rezende-19-scaled.jpg\" alt=\"\"\/><\/a><\/figure>\n\n\n\n<figure class=\"wp-block-image\"><a href=\"https:\/\/agenciadenoticias.ms.gov.br\/wp-content\/uploads\/2023\/08\/Pantanal-Vitoria-Regia-Foto-Bruno-Rezende-scaled.jpg\"><img decoding=\"async\" src=\"https:\/\/agenciadenoticias.ms.gov.br\/wp-content\/uploads\/2023\/08\/Pantanal-Vitoria-Regia-Foto-Bruno-Rezende-scaled.jpg\" alt=\"\"\/><\/a><\/figure>\n\n\n\n<figure class=\"wp-block-image\"><a href=\"https:\/\/agenciadenoticias.ms.gov.br\/wp-content\/uploads\/2023\/08\/Pantanal-Tuiuiu-Foto-Bruno-Rezende-02-scaled.jpg\"><img decoding=\"async\" src=\"https:\/\/agenciadenoticias.ms.gov.br\/wp-content\/uploads\/2023\/08\/Pantanal-Tuiuiu-Foto-Bruno-Rezende-02-scaled.jpg\" alt=\"\"\/><\/a><\/figure>\n\n\n\n<p><em>Natalia Yahn, Comunica\u00e7\u00e3o Governo de MS<\/em><br><em>Fotos: Bruno Rezende<\/em><\/p>\n","protected":false},"excerpt":{"rendered":"<p>O per\u00edodo do outono, que come\u00e7a hoje (20), deve ser marcado pela continua\u00e7\u00e3o da estiagem em Mato Grosso do Sul.<\/p>\n","protected":false},"author":1,"featured_media":5407,"comment_status":"open","ping_status":"open","sticky":false,"template":"","format":"standard","meta":{"footnotes":""},"categories":[2],"tags":[],"class_list":["post-5406","post","type-post","status-publish","format-standard","has-post-thumbnail","hentry","category-noticias"],"_links":{"self":[{"href":"https:\/\/jornaloalvorada.com.br\/site\/wp-json\/wp\/v2\/posts\/5406","targetHints":{"allow":["GET"]}}],"collection":[{"href":"https:\/\/jornaloalvorada.com.br\/site\/wp-json\/wp\/v2\/posts"}],"about":[{"href":"https:\/\/jornaloalvorada.com.br\/site\/wp-json\/wp\/v2\/types\/post"}],"author":[{"embeddable":true,"href":"https:\/\/jornaloalvorada.com.br\/site\/wp-json\/wp\/v2\/users\/1"}],"replies":[{"embeddable":true,"href":"https:\/\/jornaloalvorada.com.br\/site\/wp-json\/wp\/v2\/comments?post=5406"}],"version-history":[{"count":1,"href":"https:\/\/jornaloalvorada.com.br\/site\/wp-json\/wp\/v2\/posts\/5406\/revisions"}],"predecessor-version":[{"id":5408,"href":"https:\/\/jornaloalvorada.com.br\/site\/wp-json\/wp\/v2\/posts\/5406\/revisions\/5408"}],"wp:featuredmedia":[{"embeddable":true,"href":"https:\/\/jornaloalvorada.com.br\/site\/wp-json\/wp\/v2\/media\/5407"}],"wp:attachment":[{"href":"https:\/\/jornaloalvorada.com.br\/site\/wp-json\/wp\/v2\/media?parent=5406"}],"wp:term":[{"taxonomy":"category","embeddable":true,"href":"https:\/\/jornaloalvorada.com.br\/site\/wp-json\/wp\/v2\/categories?post=5406"},{"taxonomy":"post_tag","embeddable":true,"href":"https:\/\/jornaloalvorada.com.br\/site\/wp-json\/wp\/v2\/tags?post=5406"}],"curies":[{"name":"wp","href":"https:\/\/api.w.org\/{rel}","templated":true}]}}