{"id":5400,"date":"2024-03-20T09:22:05","date_gmt":"2024-03-20T13:22:05","guid":{"rendered":"https:\/\/jornaloalvorada.com.br\/site\/?p=5400"},"modified":"2024-03-20T09:22:08","modified_gmt":"2024-03-20T13:22:08","slug":"riedel-simone-e-ministro-visitam-obras-da-rota-bioceanica-e-estimam-conclusao-ate-2026","status":"publish","type":"post","link":"https:\/\/jornaloalvorada.com.br\/site\/2024\/03\/20\/riedel-simone-e-ministro-visitam-obras-da-rota-bioceanica-e-estimam-conclusao-ate-2026\/","title":{"rendered":"Riedel, Simone e ministro visitam obras da Rota Bioce\u00e2nica e estimam conclus\u00e3o at\u00e9 2026"},"content":{"rendered":"\n<p>A ministra do Planejamento e Or\u00e7amento Simone Tebet (MDB) e o ministro da Integra\u00e7\u00e3o e do Desenvolvimento Regional, Waldez G\u00f3es, acompanharam o governador Eduardo Riedel (PSDB) em visita de monitoramento das obras da ponte binacional entre Porto Murtinho e Carmelo Peralta, no Paraguai, nesta segunda-feira (19).<\/p>\n\n\n\n<p>A ponte \u00e9 obra fundamental da Rota Bioce\u00e2nica, que integra o trecho 4 das Rotas de Integra\u00e7\u00e3o Sul-Americana. A al\u00e7a de acesso \u00e0 ponte j\u00e1 foi licitada e a expectativa \u00e9 que a rota esteja conclu\u00edda em 2026, facilitando o com\u00e9rcio entre os pa\u00edses e a exporta\u00e7\u00e3o via Oceano Pac\u00edfico.<\/p>\n\n\n\n<p>Os ministros e o governador destacaram que o trajeto permitir\u00e1 aumentar o fluxo de com\u00e9rcio e de turistas, gerando mais empregos e renda.\u00a0<\/p>\n\n\n\n<p>\u201cEssa ponte binacional n\u00e3o \u00e9 s\u00f3 importante para o Mato Grosso do Sul, mas para todo o Brasil e Paraguai. Permitir\u00e1 aumentar o fluxo de com\u00e9rcio e de turistas, gerando mais empregos e renda. \u00c9 disso que se trata a nossa agenda de rotas de integra\u00e7\u00e3o sul-americana\u201d, disse Tebet.<\/p>\n\n\n\n<p>\u201cA Rota vai se tornar realidade e abrir grandes oportunidades para Mato Grosso do Sul e ao Brasil. Temos que fazer nossa parte e contribuir para viabilizar esta integra\u00e7\u00e3o. Obras importantes e estruturantes seguem do lado do Brasil e nos pa\u00edses vizinhos\u201d, declarou Riedel.<\/p>\n\n\n\n<p>\u201cEssa obra permitir\u00e1, quando conclu\u00edda, uma melhora nos arranjos produtivos locais. Nosso trabalho de parceria com o MPO ser\u00e1 focado justamente nas a\u00e7\u00f5es junto aos munic\u00edpios de fronteira. \u00c9 o caso de Porto Murtinho e demais cidades nos 11 Estados\u201d, acrescentou o ministro Waldez G\u00f3es.<\/p>\n\n\n\n<p>O ministro da Integra\u00e7\u00e3o e do Desenvolvimento Regional disse que a agenda das rotas \u00e9 transversal e envolve diferentes minist\u00e9rios. Em maio do ano passado, lembrou, que o presidente Luiz In\u00e1cio Lula da Silva (PT) assumiu o compromisso com a Am\u00e9rica do Sul, no chamado Consenso de Bras\u00edlia.<\/p>\n\n\n\n<p>\u201cA integra\u00e7\u00e3o num primeiro momento vem pelos grandes neg\u00f3cios, mas \u00e9 importante demais que enxerguemos os arranjos produtivos locais\u201d, disse Waldez G\u00f3es.<\/p>\n\n\n\n<p>A ministra Simone Tebet lembrou que, na segunda-feira (18), esteve com o governador Eduardo Riedel em Assun\u00e7\u00e3o e debateram a Bioce\u00e2nica com o presidente do Paraguai, Sebasti\u00e3o Pe\u00f1a.&nbsp;<\/p>\n\n\n\n<p>\u201cE hoje estamos nessa regi\u00e3o que tem condi\u00e7\u00f5es de ser a liga\u00e7\u00e3o entre o Atl\u00e2ntico e o Pac\u00edfico. Essa obra da ponte, que est\u00e1 dentro das cinco rotas que apresentamos ao presidente Lula, tamb\u00e9m vai trazer maior proximidade com a \u00c1sia, que compra e vende para n\u00f3s\u201d, disse Tebet.<\/p>\n\n\n\n<p>\u201cVoc\u00eas aqui n\u00e3o t\u00eam no\u00e7\u00e3o do quanto a vida de voc\u00eas vai mudar. A ind\u00fastria que chega gera emprego e gera renda, gera dinheiro em caixa para a prefeitura, que pode pavimentar ruas, levantar creches e escolas, construir casas populares\u201d, disse a ministra do Planejamento e Or\u00e7amento.<\/p>\n\n\n\n<p><em><strong>*Com informa\u00e7\u00f5es do Minist\u00e9rio do Planejamento e Or\u00e7amento.<\/strong><\/em><\/p>\n\n\n\n<p><strong><em>Fonte: O Jacar\u00e9<\/em><\/strong><\/p>\n","protected":false},"excerpt":{"rendered":"<p>A ministra do Planejamento e Or\u00e7amento Simone Tebet (MDB) e o ministro da Integra\u00e7\u00e3o e do Desenvolvimento Regional, Waldez G\u00f3es,<\/p>\n","protected":false},"author":1,"featured_media":5401,"comment_status":"open","ping_status":"open","sticky":false,"template":"","format":"standard","meta":{"footnotes":""},"categories":[2],"tags":[],"class_list":["post-5400","post","type-post","status-publish","format-standard","has-post-thumbnail","hentry","category-noticias"],"_links":{"self":[{"href":"https:\/\/jornaloalvorada.com.br\/site\/wp-json\/wp\/v2\/posts\/5400","targetHints":{"allow":["GET"]}}],"collection":[{"href":"https:\/\/jornaloalvorada.com.br\/site\/wp-json\/wp\/v2\/posts"}],"about":[{"href":"https:\/\/jornaloalvorada.com.br\/site\/wp-json\/wp\/v2\/types\/post"}],"author":[{"embeddable":true,"href":"https:\/\/jornaloalvorada.com.br\/site\/wp-json\/wp\/v2\/users\/1"}],"replies":[{"embeddable":true,"href":"https:\/\/jornaloalvorada.com.br\/site\/wp-json\/wp\/v2\/comments?post=5400"}],"version-history":[{"count":1,"href":"https:\/\/jornaloalvorada.com.br\/site\/wp-json\/wp\/v2\/posts\/5400\/revisions"}],"predecessor-version":[{"id":5402,"href":"https:\/\/jornaloalvorada.com.br\/site\/wp-json\/wp\/v2\/posts\/5400\/revisions\/5402"}],"wp:featuredmedia":[{"embeddable":true,"href":"https:\/\/jornaloalvorada.com.br\/site\/wp-json\/wp\/v2\/media\/5401"}],"wp:attachment":[{"href":"https:\/\/jornaloalvorada.com.br\/site\/wp-json\/wp\/v2\/media?parent=5400"}],"wp:term":[{"taxonomy":"category","embeddable":true,"href":"https:\/\/jornaloalvorada.com.br\/site\/wp-json\/wp\/v2\/categories?post=5400"},{"taxonomy":"post_tag","embeddable":true,"href":"https:\/\/jornaloalvorada.com.br\/site\/wp-json\/wp\/v2\/tags?post=5400"}],"curies":[{"name":"wp","href":"https:\/\/api.w.org\/{rel}","templated":true}]}}