{"id":5389,"date":"2024-03-19T15:57:56","date_gmt":"2024-03-19T19:57:56","guid":{"rendered":"https:\/\/jornaloalvorada.com.br\/site\/?p=5389"},"modified":"2024-03-19T15:57:59","modified_gmt":"2024-03-19T19:57:59","slug":"brasil-bate-recorde-historico-de-casos-de-dengue-em-2024","status":"publish","type":"post","link":"https:\/\/jornaloalvorada.com.br\/site\/2024\/03\/19\/brasil-bate-recorde-historico-de-casos-de-dengue-em-2024\/","title":{"rendered":"Brasil bate recorde hist\u00f3rico de casos de dengue em 2024"},"content":{"rendered":"\n<h2 class=\"wp-block-heading\"><em>Este ano, foram registrados 1.889.206 casos prov\u00e1veis da doen\u00e7a, maior n\u00famero desde o in\u00edcio da s\u00e9rie hist\u00f3rica, em 2000.<\/em><\/h2>\n\n\n\n<p>O Brasil passou de&nbsp;<strong>1,8 milh\u00e3o de casos<\/strong>(prov\u00e1veis e confirmados) de dengue em 2024. Segundo dados do Painel de Arboviroses do Minist\u00e9rio da Sa\u00fade atualizados nesta segunda-feira (18), o pa\u00eds registrou&nbsp;<strong>1.889.206 casos<\/strong>&nbsp;nas primeiras onze semanas deste ano, uma taxa in\u00e9dita.&nbsp;<\/p>\n\n\n\n<p>Este \u00e9 o maior n\u00famero desde o in\u00edcio da s\u00e9rie hist\u00f3rica, em 2000.&nbsp;<strong>O recorde anterior de casos prov\u00e1veis ocorreu em 2015, com 1.688.688<\/strong>. J\u00e1 o terceiro ano com maior n\u00famero foi 2023 com 1.658.816.&nbsp;<\/p>\n\n\n\n<p>No mesmo per\u00edodo do ano passado, em menos de 3 meses, o Brasil tinha&nbsp;<strong>400.197 casos.&nbsp;<\/strong><\/p>\n\n\n\n<p>Al\u00e9m disso, at\u00e9 o momento,&nbsp;<strong>561 mortes foram confirmadas<\/strong>&nbsp;desde janeiro e&nbsp;<strong>1.020 seguem em investiga\u00e7\u00e3o<\/strong>. Em 2023, foram&nbsp;<strong>257 \u00f3bitos entre as semanas 01 e 11<\/strong>.<\/p>\n\n\n\n<figure class=\"wp-block-image\"><img decoding=\"async\" src=\"https:\/\/s2-g1.glbimg.com\/AaOJ3XSIiPmgKmA-1n4YYVe0FbE=\/0x0:5616x3744\/984x0\/smart\/filters:strip_icc()\/i.s3.glbimg.com\/v1\/AUTH_59edd422c0c84a879bd37670ae4f538a\/internal_photos\/bs\/2024\/0\/p\/WwJVviSVqdaeAzg0Ouxw\/ap24047625685304.jpg\" alt=\"Fam\u00edlia espera atendimento do lado de fora de um hospital de campanha militar tempor\u00e1rio para o tratamento de pacientes com dengue, no bairro Ceil\u00e2ndia, em Bras\u00edlia, na sexta-feira, 16 de fevereiro de 2024. \u2014 Foto: AP Photo\/Eraldo Peres\"\/><\/figure>\n\n\n\n<p>Fam\u00edlia espera atendimento do lado de fora de um hospital de campanha militar tempor\u00e1rio para o tratamento de pacientes com dengue, no bairro Ceil\u00e2ndia, em Bras\u00edlia, na sexta-feira, 16 de fevereiro de 2024. \u2014 Foto: AP Photo\/Eraldo Peres&nbsp;<\/p>\n\n\n\n<p>A dengue s\u00f3 acontece se houver a presen\u00e7a do mosquito Aedes aegypti. Essa \u00e9, praticamente, a \u00fanica forma de transmiss\u00e3o da doen\u00e7a que causa repercuss\u00e3o na sociedade. Para evitar, ent\u00e3o, n\u00e3o h\u00e1 muito segredo: precisamos acabar com os criadouros do mosquito. E o combate depende de todos, seja a sociedade em geral, governo e profissionais de sa\u00fade.&nbsp;<\/p>\n\n\n\n<p>Segundo o Minist\u00e9rio da Sa\u00fade, cerca de 75% dos criadouros do mosquito transmissor est\u00e3o nos domic\u00edlios, como em vasos e pratos de plantas, garrafas retorn\u00e1veis, pingadeira, recipientes de degelo em geladeiras, bebedouros em geral e materiais em dep\u00f3sitos de constru\u00e7\u00e3o (sanit\u00e1rios estocados, canos e outros). Esses criadouros permitem a prolifera\u00e7\u00e3o da f\u00eamea do mosquito Aedes aegypti (transmissora da dengue).&nbsp;<\/p>\n\n\n\n<p>\u201cO controle \u00e9 vetorial, precisamos combater o mosquito. A popula\u00e7\u00e3o precisa ser educada, entender que a dengue \u00e9 uma doen\u00e7a grave e devemos controlar o criadouro. J\u00e1 os gestores precisam disponibilizar larvicidas, fumac\u00ea, distribui\u00e7\u00e3o de inseticidas\u201d, diz o infectologista Kleber Luz.&nbsp;<\/p>\n\n\n\n<p>O infectologista e consultor da OMS lembra que a dengue mata pessoas absolutamente saud\u00e1veis e de qualquer idade. Por isso, ao apresentar os primeiros sintomas, a pessoa deve procurar uma unidade de sa\u00fade para diagn\u00f3stico e tratamento adequados, visto que a infec\u00e7\u00e3o pode evoluir r\u00e1pido e o \u00f3bito pode vir no terceiro ou quarto dia.<\/p>\n\n\n\n<p>g1<\/p>\n","protected":false},"excerpt":{"rendered":"<p>Este ano, foram registrados 1.889.206 casos prov\u00e1veis da doen\u00e7a, maior n\u00famero desde o in\u00edcio da s\u00e9rie hist\u00f3rica, em 2000. O<\/p>\n","protected":false},"author":1,"featured_media":5183,"comment_status":"open","ping_status":"open","sticky":false,"template":"","format":"standard","meta":{"footnotes":""},"categories":[2],"tags":[],"class_list":["post-5389","post","type-post","status-publish","format-standard","has-post-thumbnail","hentry","category-noticias"],"_links":{"self":[{"href":"https:\/\/jornaloalvorada.com.br\/site\/wp-json\/wp\/v2\/posts\/5389","targetHints":{"allow":["GET"]}}],"collection":[{"href":"https:\/\/jornaloalvorada.com.br\/site\/wp-json\/wp\/v2\/posts"}],"about":[{"href":"https:\/\/jornaloalvorada.com.br\/site\/wp-json\/wp\/v2\/types\/post"}],"author":[{"embeddable":true,"href":"https:\/\/jornaloalvorada.com.br\/site\/wp-json\/wp\/v2\/users\/1"}],"replies":[{"embeddable":true,"href":"https:\/\/jornaloalvorada.com.br\/site\/wp-json\/wp\/v2\/comments?post=5389"}],"version-history":[{"count":1,"href":"https:\/\/jornaloalvorada.com.br\/site\/wp-json\/wp\/v2\/posts\/5389\/revisions"}],"predecessor-version":[{"id":5390,"href":"https:\/\/jornaloalvorada.com.br\/site\/wp-json\/wp\/v2\/posts\/5389\/revisions\/5390"}],"wp:featuredmedia":[{"embeddable":true,"href":"https:\/\/jornaloalvorada.com.br\/site\/wp-json\/wp\/v2\/media\/5183"}],"wp:attachment":[{"href":"https:\/\/jornaloalvorada.com.br\/site\/wp-json\/wp\/v2\/media?parent=5389"}],"wp:term":[{"taxonomy":"category","embeddable":true,"href":"https:\/\/jornaloalvorada.com.br\/site\/wp-json\/wp\/v2\/categories?post=5389"},{"taxonomy":"post_tag","embeddable":true,"href":"https:\/\/jornaloalvorada.com.br\/site\/wp-json\/wp\/v2\/tags?post=5389"}],"curies":[{"name":"wp","href":"https:\/\/api.w.org\/{rel}","templated":true}]}}