{"id":5379,"date":"2024-03-19T14:47:50","date_gmt":"2024-03-19T18:47:50","guid":{"rendered":"https:\/\/jornaloalvorada.com.br\/site\/?p=5379"},"modified":"2024-03-19T15:38:15","modified_gmt":"2024-03-19T19:38:15","slug":"hoje-e-dia-de-familia-escola-na-escola-municipal-ires-brunetto","status":"publish","type":"post","link":"https:\/\/jornaloalvorada.com.br\/site\/2024\/03\/19\/hoje-e-dia-de-familia-escola-na-escola-municipal-ires-brunetto\/","title":{"rendered":"Hoje \u00e9 dia de Fam\u00edlia &amp; Escola na Escola Municipal Ires Brunetto"},"content":{"rendered":"\n<p>Hoje \u00e9 dia de Fam\u00edlia &amp; Escola na Escola Municipal Ires Brunetto &#8211; Polo e entrega de kits Escolares para os nossos alunos.<\/p>\n\n\n\n<p>Investir na Educa\u00e7\u00e3o \u00e9 investir no futuro de Nova Alvorada do Sul.<\/p>\n\n\n\n<figure class=\"wp-block-image size-large\"><img loading=\"lazy\" decoding=\"async\" width=\"1024\" height=\"768\" src=\"https:\/\/jornaloalvorada.com.br\/site\/wp-content\/uploads\/2024\/03\/image-35-1024x768.png\" alt=\"\" class=\"wp-image-5383\" srcset=\"https:\/\/jornaloalvorada.com.br\/site\/wp-content\/uploads\/2024\/03\/image-35-1024x768.png 1024w, https:\/\/jornaloalvorada.com.br\/site\/wp-content\/uploads\/2024\/03\/image-35-300x225.png 300w, https:\/\/jornaloalvorada.com.br\/site\/wp-content\/uploads\/2024\/03\/image-35-768x576.png 768w, https:\/\/jornaloalvorada.com.br\/site\/wp-content\/uploads\/2024\/03\/image-35-1536x1152.png 1536w, https:\/\/jornaloalvorada.com.br\/site\/wp-content\/uploads\/2024\/03\/image-35.png 2048w\" sizes=\"auto, (max-width: 1024px) 100vw, 1024px\" \/><\/figure>\n\n\n\n<figure class=\"wp-block-image size-large\"><img loading=\"lazy\" decoding=\"async\" width=\"1024\" height=\"768\" src=\"https:\/\/jornaloalvorada.com.br\/site\/wp-content\/uploads\/2024\/03\/image-36-1024x768.png\" alt=\"\" class=\"wp-image-5385\" srcset=\"https:\/\/jornaloalvorada.com.br\/site\/wp-content\/uploads\/2024\/03\/image-36-1024x768.png 1024w, https:\/\/jornaloalvorada.com.br\/site\/wp-content\/uploads\/2024\/03\/image-36-300x225.png 300w, https:\/\/jornaloalvorada.com.br\/site\/wp-content\/uploads\/2024\/03\/image-36-768x576.png 768w, https:\/\/jornaloalvorada.com.br\/site\/wp-content\/uploads\/2024\/03\/image-36-1536x1152.png 1536w, https:\/\/jornaloalvorada.com.br\/site\/wp-content\/uploads\/2024\/03\/image-36.png 2048w\" sizes=\"auto, (max-width: 1024px) 100vw, 1024px\" \/><\/figure>\n","protected":false},"excerpt":{"rendered":"<p>Hoje \u00e9 dia de Fam\u00edlia &amp; Escola na Escola Municipal Ires Brunetto &#8211; Polo e entrega de kits Escolares para<\/p>\n","protected":false},"author":1,"featured_media":5380,"comment_status":"open","ping_status":"open","sticky":false,"template":"","format":"standard","meta":{"footnotes":""},"categories":[2],"tags":[],"class_list":["post-5379","post","type-post","status-publish","format-standard","has-post-thumbnail","hentry","category-noticias"],"_links":{"self":[{"href":"https:\/\/jornaloalvorada.com.br\/site\/wp-json\/wp\/v2\/posts\/5379","targetHints":{"allow":["GET"]}}],"collection":[{"href":"https:\/\/jornaloalvorada.com.br\/site\/wp-json\/wp\/v2\/posts"}],"about":[{"href":"https:\/\/jornaloalvorada.com.br\/site\/wp-json\/wp\/v2\/types\/post"}],"author":[{"embeddable":true,"href":"https:\/\/jornaloalvorada.com.br\/site\/wp-json\/wp\/v2\/users\/1"}],"replies":[{"embeddable":true,"href":"https:\/\/jornaloalvorada.com.br\/site\/wp-json\/wp\/v2\/comments?post=5379"}],"version-history":[{"count":4,"href":"https:\/\/jornaloalvorada.com.br\/site\/wp-json\/wp\/v2\/posts\/5379\/revisions"}],"predecessor-version":[{"id":5388,"href":"https:\/\/jornaloalvorada.com.br\/site\/wp-json\/wp\/v2\/posts\/5379\/revisions\/5388"}],"wp:featuredmedia":[{"embeddable":true,"href":"https:\/\/jornaloalvorada.com.br\/site\/wp-json\/wp\/v2\/media\/5380"}],"wp:attachment":[{"href":"https:\/\/jornaloalvorada.com.br\/site\/wp-json\/wp\/v2\/media?parent=5379"}],"wp:term":[{"taxonomy":"category","embeddable":true,"href":"https:\/\/jornaloalvorada.com.br\/site\/wp-json\/wp\/v2\/categories?post=5379"},{"taxonomy":"post_tag","embeddable":true,"href":"https:\/\/jornaloalvorada.com.br\/site\/wp-json\/wp\/v2\/tags?post=5379"}],"curies":[{"name":"wp","href":"https:\/\/api.w.org\/{rel}","templated":true}]}}