{"id":5373,"date":"2024-03-19T09:05:12","date_gmt":"2024-03-19T13:05:12","guid":{"rendered":"https:\/\/jornaloalvorada.com.br\/site\/?p=5373"},"modified":"2024-03-19T09:05:16","modified_gmt":"2024-03-19T13:05:16","slug":"com-aquecimento-acentuado-durante-o-dia-calor-e-tempo-seco-permanecem-nesta-terca","status":"publish","type":"post","link":"https:\/\/jornaloalvorada.com.br\/site\/2024\/03\/19\/com-aquecimento-acentuado-durante-o-dia-calor-e-tempo-seco-permanecem-nesta-terca\/","title":{"rendered":"Com aquecimento acentuado durante o dia, calor e tempo seco permanecem nesta ter\u00e7a"},"content":{"rendered":"\n<p>A previs\u00e3o do Cemtec (Centro de Monitoramento do Tempo e do Clima) indica perman\u00eancia do calor intenso aliado a baixos valores de umidade relativa do ar para esta ter\u00e7a-feira (19). Uma massa de ar quente e seca favorece o aquecimento acentuado durante o dia, deixando as temperaturas acima da m\u00e9dia em grande parte do estado.<\/p>\n\n\n\n<p>Tal situa\u00e7\u00e3o meteorol\u00f3gica pode impactar a popula\u00e7\u00e3o e gerar riscos \u00e0 sa\u00fade. Por isso, o Cemtec recomenda a hidrata\u00e7\u00e3o frequente, evitar exposi\u00e7\u00e3o ao sol nas horas mais quentes e secas do dia, utilizar protetor solar e manter uma alimenta\u00e7\u00e3o mais leve e saud\u00e1vel.<\/p>\n\n\n\n<p>Em Campo Grande, o dia inicia com 25\u00b0C e atinge os 35\u00b0C. Em Dourados, a m\u00ednima \u00e9 de 24\u00b0C e a m\u00e1xima de 37\u00b0C. Nas regi\u00f5es Sul-Fronteira e Leste, Ponta Por\u00e3 e Anauril\u00e2ndia amanhecem com 24\u00b0C e chegam a 35\u00b0C e 36\u00b0C, respectivamente. Iguatemi, no Cone-Sul, apresenta varia\u00e7\u00e3o entre 25\u00b0C e 35\u00b0C.<\/p>\n\n\n\n<p>No Bols\u00e3o, Parana\u00edba tem m\u00ednima de 25\u00b0C e m\u00e1xima de 34\u00b0C, j\u00e1 Tr\u00eas Lagoas registra 26\u00b0C pela manh\u00e3 e 36\u00b0C \u00e0 tarde. Na regi\u00e3o Norte, os term\u00f4metros em Coxim marcam 24\u00b0C inicialmente e atingem 36\u00b0C.<\/p>\n\n\n\n<p>No munic\u00edpio de Corumb\u00e1, no Pantanal, os valores variam entre 28\u00b0C e 37\u00b0C; Aquidauana, na mesma regi\u00e3o, tem m\u00ednima de 26\u00b0C e m\u00e1xima de 38\u00b0C. Porto Murtinho, na regi\u00e3o Sudoeste, registra a temperatura mais alta desta ter\u00e7a-feira, com m\u00ednima de 29\u00b0C e 40\u00b0C nos hor\u00e1rios mais quentes do dia.<\/p>\n\n\n\n<figure class=\"wp-block-image\"><a href=\"https:\/\/agenciadenoticias.ms.gov.br\/wp-content\/uploads\/2024\/03\/Mapa-Previsao-19-03-24.jpeg\"><img decoding=\"async\" src=\"https:\/\/agenciadenoticias.ms.gov.br\/wp-content\/uploads\/2024\/03\/Mapa-Previsao-19-03-24-1024x724.jpeg\" alt=\"\"\/><\/a><\/figure>\n\n\n\n<p><em>Heloisa Duim, Programa de Est\u00e1gio Supervisionado<\/em><br><em>Foto: Saul Schramm<\/em><\/p>\n","protected":false},"excerpt":{"rendered":"<p>A previs\u00e3o do Cemtec (Centro de Monitoramento do Tempo e do Clima) indica perman\u00eancia do calor intenso aliado a baixos<\/p>\n","protected":false},"author":1,"featured_media":5374,"comment_status":"open","ping_status":"open","sticky":false,"template":"","format":"standard","meta":{"footnotes":""},"categories":[2],"tags":[],"class_list":["post-5373","post","type-post","status-publish","format-standard","has-post-thumbnail","hentry","category-noticias"],"_links":{"self":[{"href":"https:\/\/jornaloalvorada.com.br\/site\/wp-json\/wp\/v2\/posts\/5373","targetHints":{"allow":["GET"]}}],"collection":[{"href":"https:\/\/jornaloalvorada.com.br\/site\/wp-json\/wp\/v2\/posts"}],"about":[{"href":"https:\/\/jornaloalvorada.com.br\/site\/wp-json\/wp\/v2\/types\/post"}],"author":[{"embeddable":true,"href":"https:\/\/jornaloalvorada.com.br\/site\/wp-json\/wp\/v2\/users\/1"}],"replies":[{"embeddable":true,"href":"https:\/\/jornaloalvorada.com.br\/site\/wp-json\/wp\/v2\/comments?post=5373"}],"version-history":[{"count":1,"href":"https:\/\/jornaloalvorada.com.br\/site\/wp-json\/wp\/v2\/posts\/5373\/revisions"}],"predecessor-version":[{"id":5375,"href":"https:\/\/jornaloalvorada.com.br\/site\/wp-json\/wp\/v2\/posts\/5373\/revisions\/5375"}],"wp:featuredmedia":[{"embeddable":true,"href":"https:\/\/jornaloalvorada.com.br\/site\/wp-json\/wp\/v2\/media\/5374"}],"wp:attachment":[{"href":"https:\/\/jornaloalvorada.com.br\/site\/wp-json\/wp\/v2\/media?parent=5373"}],"wp:term":[{"taxonomy":"category","embeddable":true,"href":"https:\/\/jornaloalvorada.com.br\/site\/wp-json\/wp\/v2\/categories?post=5373"},{"taxonomy":"post_tag","embeddable":true,"href":"https:\/\/jornaloalvorada.com.br\/site\/wp-json\/wp\/v2\/tags?post=5373"}],"curies":[{"name":"wp","href":"https:\/\/api.w.org\/{rel}","templated":true}]}}