{"id":5360,"date":"2024-03-18T10:09:38","date_gmt":"2024-03-18T14:09:38","guid":{"rendered":"https:\/\/jornaloalvorada.com.br\/site\/?p=5360"},"modified":"2024-03-18T10:09:42","modified_gmt":"2024-03-18T14:09:42","slug":"dia-22-de-marco-acontecera-a-eleicao-para-diretor-da-escola-professora-leia","status":"publish","type":"post","link":"https:\/\/jornaloalvorada.com.br\/site\/2024\/03\/18\/dia-22-de-marco-acontecera-a-eleicao-para-diretor-da-escola-professora-leia\/","title":{"rendered":"Dia 22 de mar\u00e7o acontecer\u00e1 a elei\u00e7\u00e3o para Diretor da Escola Professora L\u00e9ia"},"content":{"rendered":"\n<p>Esse processo iniciou em 2023 com prova objetiva, onde diversos profissionais se candidataram para concorrem a vaga. Os que foram aprovados tem o direito de candidatar-se para concorrer a vaga em uma escola de sua escolha.<br>\u2705Eu fui aprovada e estou concorrendo em chapa \u00fanica, mas preciso do seu voto confirmando para poder continuar a frente da gest\u00e3o de nossa escola.<br>\u2705Assumi a gest\u00e3o em julho 2021, e tenho me esfor\u00e7ado para fazer de nossa escola refer\u00eancia no munic\u00edpio, como local de aprendizagem, de respeito e desenvolvimento humano.<br>\u2705Prezo pelo bem-estar dos nos alunos e profissionais de educa\u00e7\u00e3o, cuido com muito zelo e carinho de cada detalhe do nosso dia a dia.<br>\u2705Gosto de promover intera\u00e7\u00e3o com gincanas, jogos, viagens culturais, pois acredito na aprendizagem por meio das viv\u00eancias. Promover oportunidades para todos, dignidade, auxiliando na forma\u00e7\u00e3o integral de cidad\u00e3os para nossa sociedade.<\/p>\n\n\n\n<p>\u2705Conto com sua participa\u00e7\u00e3o dia 22\/03\/24 sexta-feira.<br>\u2705Locais de vota\u00e7\u00e3o:<br>\u2705Escola L\u00e9ia 8h \u00e0s 11h.<br>\u2705Clube Benedito Coutinho 11:30h \u00e0s 18h.<\/p>\n\n\n\n<p>\u2705Lucin\u00e9ia Panizzi<br>\u2705Vote ( X) Sim<\/p>\n\n\n\n<figure class=\"wp-block-image size-large\"><img loading=\"lazy\" decoding=\"async\" width=\"724\" height=\"1024\" src=\"https:\/\/jornaloalvorada.com.br\/site\/wp-content\/uploads\/2024\/03\/lucineia-724x1024.jpeg\" alt=\"\" class=\"wp-image-5361\" srcset=\"https:\/\/jornaloalvorada.com.br\/site\/wp-content\/uploads\/2024\/03\/lucineia-724x1024.jpeg 724w, https:\/\/jornaloalvorada.com.br\/site\/wp-content\/uploads\/2024\/03\/lucineia-212x300.jpeg 212w, https:\/\/jornaloalvorada.com.br\/site\/wp-content\/uploads\/2024\/03\/lucineia-768x1086.jpeg 768w, https:\/\/jornaloalvorada.com.br\/site\/wp-content\/uploads\/2024\/03\/lucineia-1086x1536.jpeg 1086w, https:\/\/jornaloalvorada.com.br\/site\/wp-content\/uploads\/2024\/03\/lucineia.jpeg 1131w\" sizes=\"auto, (max-width: 724px) 100vw, 724px\" \/><\/figure>\n","protected":false},"excerpt":{"rendered":"<p>Esse processo iniciou em 2023 com prova objetiva, onde diversos profissionais se candidataram para concorrem a vaga. Os que foram<\/p>\n","protected":false},"author":1,"featured_media":5362,"comment_status":"open","ping_status":"open","sticky":false,"template":"","format":"standard","meta":{"footnotes":""},"categories":[2],"tags":[],"class_list":["post-5360","post","type-post","status-publish","format-standard","has-post-thumbnail","hentry","category-noticias"],"_links":{"self":[{"href":"https:\/\/jornaloalvorada.com.br\/site\/wp-json\/wp\/v2\/posts\/5360","targetHints":{"allow":["GET"]}}],"collection":[{"href":"https:\/\/jornaloalvorada.com.br\/site\/wp-json\/wp\/v2\/posts"}],"about":[{"href":"https:\/\/jornaloalvorada.com.br\/site\/wp-json\/wp\/v2\/types\/post"}],"author":[{"embeddable":true,"href":"https:\/\/jornaloalvorada.com.br\/site\/wp-json\/wp\/v2\/users\/1"}],"replies":[{"embeddable":true,"href":"https:\/\/jornaloalvorada.com.br\/site\/wp-json\/wp\/v2\/comments?post=5360"}],"version-history":[{"count":1,"href":"https:\/\/jornaloalvorada.com.br\/site\/wp-json\/wp\/v2\/posts\/5360\/revisions"}],"predecessor-version":[{"id":5363,"href":"https:\/\/jornaloalvorada.com.br\/site\/wp-json\/wp\/v2\/posts\/5360\/revisions\/5363"}],"wp:featuredmedia":[{"embeddable":true,"href":"https:\/\/jornaloalvorada.com.br\/site\/wp-json\/wp\/v2\/media\/5362"}],"wp:attachment":[{"href":"https:\/\/jornaloalvorada.com.br\/site\/wp-json\/wp\/v2\/media?parent=5360"}],"wp:term":[{"taxonomy":"category","embeddable":true,"href":"https:\/\/jornaloalvorada.com.br\/site\/wp-json\/wp\/v2\/categories?post=5360"},{"taxonomy":"post_tag","embeddable":true,"href":"https:\/\/jornaloalvorada.com.br\/site\/wp-json\/wp\/v2\/tags?post=5360"}],"curies":[{"name":"wp","href":"https:\/\/api.w.org\/{rel}","templated":true}]}}