{"id":5347,"date":"2024-03-15T10:35:17","date_gmt":"2024-03-15T14:35:17","guid":{"rendered":"https:\/\/jornaloalvorada.com.br\/site\/?p=5347"},"modified":"2024-03-15T10:52:46","modified_gmt":"2024-03-15T14:52:46","slug":"prefeito-paleari-realiza-entrega-de-kits-escolares-para-os-alunos-da-escola-municipal-professora-leia-de-souza","status":"publish","type":"post","link":"https:\/\/jornaloalvorada.com.br\/site\/2024\/03\/15\/prefeito-paleari-realiza-entrega-de-kits-escolares-para-os-alunos-da-escola-municipal-professora-leia-de-souza\/","title":{"rendered":"Prefeitura de Nova Alvorada do Sul entrega mais de 4,2 mil kits escolares para alunos da rede municipal"},"content":{"rendered":"\n<p>A Prefeitura de Nova Alvorada do Sul, por meio da Secretaria de Educa\u00e7\u00e3o, adquiriu mais de 4,2 mil kits escolares para o in\u00edcio do ano letivo dos alunos da rede municipal de ensino.<\/p>\n\n\n\n<p>Os kits s\u00e3o compostos por diversos itens, separados conforme os materiais espec\u00edficos para cada n\u00edvel.<br>As entregas iniciaram na quarta-feira (13) na reuni\u00e3o de pais do projeto Fam\u00edlia e Escola do Cemei Izaura Flavio Marques e quinta, na Escola Professora L\u00e9ia de Souza Silva.<\/p>\n\n\n\n<p>Durante a entrega, o Prefeito Jos\u00e9 Paulo Paleari destacou a import\u00e2ncia dos investimentos na educa\u00e7\u00e3o para o futuro do munic\u00edpio:<\/p>\n\n\n\n<p>\u201cCada um de nossos alunos est\u00e1 recebendo um kit escolar personalizado. Foram adquiridos mais de 4 mil kits que ser\u00e3o distribu\u00eddos em todas as unidades de ensino da rede municipal. No ano passado, foram entregues kits para alunos da educa\u00e7\u00e3o infantil (Pr\u00e9 I e II) e fundamental I e II. Neste ano, ser\u00e3o entregues tamb\u00e9m para os n\u00edveis da educa\u00e7\u00e3o infantil 1 ao 4. Nossa vontade \u00e9 contribuir cada vez mais na educa\u00e7\u00e3o de Nova Alvorada do Sul.\u201d<\/p>\n\n\n\n<p>As aulas iniciaram no final do m\u00eas passado e os materiais escolares j\u00e1 est\u00e3o sendo entregues para crian\u00e7as da educa\u00e7\u00e3o infantil (N\u00edveis 1 ao 4), educa\u00e7\u00e3o infantil (Pr\u00e9 1 e 2), fundamental 1 (1\u00ba ao 5\u00ba) e fundamental 2 (6\u00ba ao 9\u00ba).<\/p>\n\n\n\n<iframe loading=\"lazy\" src=\"https:\/\/www.facebook.com\/plugins\/video.php?height=476&#038;href=https%3A%2F%2Fweb.facebook.com%2Fjppaleari%2Fvideos%2F848852680588292%2F&#038;show_text=false&#038;width=267&#038;t=0\" width=\"267\" height=\"476\" style=\"border:none;overflow:hidden\" scrolling=\"no\" frameborder=\"0\" allowfullscreen=\"true\" allow=\"autoplay; clipboard-write; encrypted-media; picture-in-picture; web-share\" allowFullScreen=\"true\"><\/iframe>\n","protected":false},"excerpt":{"rendered":"<p>A Prefeitura de Nova Alvorada do Sul, por meio da Secretaria de Educa\u00e7\u00e3o, adquiriu mais de 4,2 mil kits escolares<\/p>\n","protected":false},"author":1,"featured_media":5351,"comment_status":"open","ping_status":"open","sticky":false,"template":"","format":"standard","meta":{"footnotes":""},"categories":[2],"tags":[],"class_list":["post-5347","post","type-post","status-publish","format-standard","has-post-thumbnail","hentry","category-noticias"],"_links":{"self":[{"href":"https:\/\/jornaloalvorada.com.br\/site\/wp-json\/wp\/v2\/posts\/5347","targetHints":{"allow":["GET"]}}],"collection":[{"href":"https:\/\/jornaloalvorada.com.br\/site\/wp-json\/wp\/v2\/posts"}],"about":[{"href":"https:\/\/jornaloalvorada.com.br\/site\/wp-json\/wp\/v2\/types\/post"}],"author":[{"embeddable":true,"href":"https:\/\/jornaloalvorada.com.br\/site\/wp-json\/wp\/v2\/users\/1"}],"replies":[{"embeddable":true,"href":"https:\/\/jornaloalvorada.com.br\/site\/wp-json\/wp\/v2\/comments?post=5347"}],"version-history":[{"count":2,"href":"https:\/\/jornaloalvorada.com.br\/site\/wp-json\/wp\/v2\/posts\/5347\/revisions"}],"predecessor-version":[{"id":5352,"href":"https:\/\/jornaloalvorada.com.br\/site\/wp-json\/wp\/v2\/posts\/5347\/revisions\/5352"}],"wp:featuredmedia":[{"embeddable":true,"href":"https:\/\/jornaloalvorada.com.br\/site\/wp-json\/wp\/v2\/media\/5351"}],"wp:attachment":[{"href":"https:\/\/jornaloalvorada.com.br\/site\/wp-json\/wp\/v2\/media?parent=5347"}],"wp:term":[{"taxonomy":"category","embeddable":true,"href":"https:\/\/jornaloalvorada.com.br\/site\/wp-json\/wp\/v2\/categories?post=5347"},{"taxonomy":"post_tag","embeddable":true,"href":"https:\/\/jornaloalvorada.com.br\/site\/wp-json\/wp\/v2\/tags?post=5347"}],"curies":[{"name":"wp","href":"https:\/\/api.w.org\/{rel}","templated":true}]}}