{"id":5344,"date":"2024-03-15T10:30:28","date_gmt":"2024-03-15T14:30:28","guid":{"rendered":"https:\/\/jornaloalvorada.com.br\/site\/?p=5344"},"modified":"2024-03-15T10:30:31","modified_gmt":"2024-03-15T14:30:31","slug":"vulcao-gigantesco-e-descoberto-em-marte","status":"publish","type":"post","link":"https:\/\/jornaloalvorada.com.br\/site\/2024\/03\/15\/vulcao-gigantesco-e-descoberto-em-marte\/","title":{"rendered":"Vulc\u00e3o gigantesco \u00e9 descoberto em Marte"},"content":{"rendered":"\n<p>Cientistas fizeram uma revela\u00e7\u00e3o importante na 55\u00aa Confer\u00eancia de Ci\u00eancia Lunar e Planet\u00e1ria, realizada em The Woodlands, no Texas, Estados Unidos. Eles afirmaram que descobriram um&nbsp;<a href=\"https:\/\/olhardigital.com.br\/tag\/vulcao\/\">vulc\u00e3o<\/a>&nbsp;gigante e uma camada de&nbsp;<a href=\"https:\/\/olhardigital.com.br\/tag\/gelo\/\">gelo<\/a>&nbsp;glacial enterrada na parte leste de&nbsp;<a href=\"https:\/\/olhardigital.com.br\/tag\/marte\/\">Marte<\/a>.<\/p>\n\n\n\n<p>O vulc\u00e3o estava escondido em uma das regi\u00f5es mais emblem\u00e1ticas do planeta vermelho, na fronteira entre o Noctis Labyrinthus (Labirinto da Noite) e os c\u00e2nions de Valles Marineris (Vales de Mariner).<\/p>\n\n\n\n<p>Designado provisoriamente como \u201cvulc\u00e3o Noctis\u201d, ele tem 9.022 metros e se estende por 450&nbsp;km de largura. O tamanho gigantesco e seu complexo hist\u00f3rico de modifica\u00e7\u00f5es indicam que ele est\u00e1 ativo h\u00e1 muito tempo.<\/p>\n\n\n\n<p>Os pesquisadores tamb\u00e9m acreditam que exista uma geleira pr\u00f3xima ao vulc\u00e3o. Isso indicaria uma nova regi\u00e3o marciana a ser estudada para entender melhor a evolu\u00e7\u00e3o geol\u00f3gica de Marte ao longo do tempo.<\/p>\n\n\n\n<p>Vulc\u00e3o ainda \u00e9 cercado de mist\u00e9rios<\/p>\n\n\n\n<ul class=\"wp-block-list\">\n<li>O estudo ainda relata a descoberta&nbsp;de uma grande \u00e1rea de dep\u00f3sitos vulc\u00e2nicos de 5 mil quil\u00f4metros quadrados dentro do per\u00edmetro do vulc\u00e3o.<\/li>\n\n\n\n<li>Os pesquisadores acreditam que a estrutura foi formada por acumula\u00e7\u00f5es em camadas de materiais pirocl\u00e1sticos, lavas e gelo, este \u00faltimo resultante de ac\u00famulos repetidos de neve e geleiras ao longo do tempo.<\/li>\n\n\n\n<li>Embora esteja claro que ele est\u00e1 ativo h\u00e1 muito tempo, n\u00e3o se sabe exatamente em que \u00e9poca o vulc\u00e3o foi formado.<\/li>\n\n\n\n<li>Da mesma forma, n\u00e3o existe a certeza de que ele possa entrar em erup\u00e7\u00e3o novamente.<\/li>\n\n\n\n<li>Por isso, novos estudo ser\u00e3o realizados<\/li>\n<\/ul>\n\n\n\n<p><strong>FONTE: <\/strong>Alessandro Di Lorenzo\/Bruno Ignacio de Lima<\/p>\n","protected":false},"excerpt":{"rendered":"<p>Cientistas fizeram uma revela\u00e7\u00e3o importante na 55\u00aa Confer\u00eancia de Ci\u00eancia Lunar e Planet\u00e1ria, realizada em The Woodlands, no Texas, Estados<\/p>\n","protected":false},"author":1,"featured_media":5345,"comment_status":"open","ping_status":"open","sticky":false,"template":"","format":"standard","meta":{"footnotes":""},"categories":[2],"tags":[],"class_list":["post-5344","post","type-post","status-publish","format-standard","has-post-thumbnail","hentry","category-noticias"],"_links":{"self":[{"href":"https:\/\/jornaloalvorada.com.br\/site\/wp-json\/wp\/v2\/posts\/5344","targetHints":{"allow":["GET"]}}],"collection":[{"href":"https:\/\/jornaloalvorada.com.br\/site\/wp-json\/wp\/v2\/posts"}],"about":[{"href":"https:\/\/jornaloalvorada.com.br\/site\/wp-json\/wp\/v2\/types\/post"}],"author":[{"embeddable":true,"href":"https:\/\/jornaloalvorada.com.br\/site\/wp-json\/wp\/v2\/users\/1"}],"replies":[{"embeddable":true,"href":"https:\/\/jornaloalvorada.com.br\/site\/wp-json\/wp\/v2\/comments?post=5344"}],"version-history":[{"count":1,"href":"https:\/\/jornaloalvorada.com.br\/site\/wp-json\/wp\/v2\/posts\/5344\/revisions"}],"predecessor-version":[{"id":5346,"href":"https:\/\/jornaloalvorada.com.br\/site\/wp-json\/wp\/v2\/posts\/5344\/revisions\/5346"}],"wp:featuredmedia":[{"embeddable":true,"href":"https:\/\/jornaloalvorada.com.br\/site\/wp-json\/wp\/v2\/media\/5345"}],"wp:attachment":[{"href":"https:\/\/jornaloalvorada.com.br\/site\/wp-json\/wp\/v2\/media?parent=5344"}],"wp:term":[{"taxonomy":"category","embeddable":true,"href":"https:\/\/jornaloalvorada.com.br\/site\/wp-json\/wp\/v2\/categories?post=5344"},{"taxonomy":"post_tag","embeddable":true,"href":"https:\/\/jornaloalvorada.com.br\/site\/wp-json\/wp\/v2\/tags?post=5344"}],"curies":[{"name":"wp","href":"https:\/\/api.w.org\/{rel}","templated":true}]}}