{"id":5341,"date":"2024-03-15T10:28:52","date_gmt":"2024-03-15T14:28:52","guid":{"rendered":"https:\/\/jornaloalvorada.com.br\/site\/?p=5341"},"modified":"2024-03-15T10:28:55","modified_gmt":"2024-03-15T14:28:55","slug":"hamas-propoe-libertar-refens-em-troca-de-mil-prisioneiros","status":"publish","type":"post","link":"https:\/\/jornaloalvorada.com.br\/site\/2024\/03\/15\/hamas-propoe-libertar-refens-em-troca-de-mil-prisioneiros\/","title":{"rendered":"Hamas prop\u00f5e libertar ref\u00e9ns em troca de mil prisioneiros"},"content":{"rendered":"\n<p>O grupo terrorista Hamas enviou nesta sexta-feira (15) a Israel uma nova proposta de tr\u00e9gua na Faixa de Gaza dividida em duas fases, na qual mant\u00e9m o fim definitivo da guerra, mas mostra maior flexibilidade na troca de prisioneiros palestinos por ref\u00e9ns israelenses e na liberta\u00e7\u00e3o das mulheres.<\/p>\n\n\n\n<p>Na primeira fase do acordo, todas as mulheres, crian\u00e7as, doentes e idosos israelenses sequestrados seriam libertados em troca de entre 700 e 1.000 prisioneiros palestinos, detalharam as fontes sob condi\u00e7\u00e3o de anonimato.<\/p>\n\n\n\n<p>Al\u00e9m disso, nesta primeira fase \u2013 sem dar detalhes da sua dura\u00e7\u00e3o, que anteriormente era de seis semanas \u2013 todas as soldados mulheres em cativeiros tamb\u00e9m seriam libertadas em troca de cerca de 100 prisioneiros palestinos \u201cem pris\u00e3o perp\u00e9tua\u201d.<\/p>\n\n\n\n<p>Apenas no final desta primeira fase, segundo a proposta, seria fixada uma data para um cessar-fogo permanente e para a retirada de Israel da Faixa de Gaza.<\/p>\n\n\n\n<p>Por fim, a liberta\u00e7\u00e3o de \u201ctodos os prisioneiros de ambos os lados\u201d, referindo-se tamb\u00e9m aos ref\u00e9ns israelenses, ocorreria em uma segunda fase do plano.<\/p>\n\n\n\n<p>J\u00e1 nesta quinta (14) \u00e0 noite, o primeiro-ministro israelense, Benjamin Netanyahu, confirmou ter recebido uma \u201cvis\u00e3o integral de um acordo de tr\u00e9gua\u201d proposto pelo Hamas, mas reiterou que as exig\u00eancias do grupo s\u00e3o mais uma vez \u201cpouco realistas\u201d, segundo um comunicado oficial do governo.<\/p>\n\n\n\n<p>Nesta sexta, Netanyahu dever\u00e1 abordar a proposta do Hamas de uma maneira mais formal, ap\u00f3s sua reuni\u00e3o com o gabinete de guerra na base militar de Kirya, em Tel Aviv, em cujas portas alguns familiares dos raptados anunciaram protestos.<\/p>\n\n\n\n<p>\u2013 Pela primeira vez podemos imaginar abra\u00e7\u00e1-los novamente, por favor conceda-nos este direito \u2013 pediu hoje o grupo familiar a Netanyahu em um comunicado.<\/p>\n\n\n\n<p>Os familiares exigem que o primeiro-ministro aceite o acordo para salvar a vida dos 134 \u201cfilhas e filhos cruelmente sequestrados, apenas por serem israelenses\u201d, segundo disseram as fam\u00edlias.<\/p>\n\n\n\n<p>*EFE<\/p>\n\n\n\n<p><strong>FONTE: <\/strong>Pleno.News<\/p>\n","protected":false},"excerpt":{"rendered":"<p>O grupo terrorista Hamas enviou nesta sexta-feira (15) a Israel uma nova proposta de tr\u00e9gua na Faixa de Gaza dividida<\/p>\n","protected":false},"author":1,"featured_media":5342,"comment_status":"open","ping_status":"open","sticky":false,"template":"","format":"standard","meta":{"footnotes":""},"categories":[2],"tags":[],"class_list":["post-5341","post","type-post","status-publish","format-standard","has-post-thumbnail","hentry","category-noticias"],"_links":{"self":[{"href":"https:\/\/jornaloalvorada.com.br\/site\/wp-json\/wp\/v2\/posts\/5341","targetHints":{"allow":["GET"]}}],"collection":[{"href":"https:\/\/jornaloalvorada.com.br\/site\/wp-json\/wp\/v2\/posts"}],"about":[{"href":"https:\/\/jornaloalvorada.com.br\/site\/wp-json\/wp\/v2\/types\/post"}],"author":[{"embeddable":true,"href":"https:\/\/jornaloalvorada.com.br\/site\/wp-json\/wp\/v2\/users\/1"}],"replies":[{"embeddable":true,"href":"https:\/\/jornaloalvorada.com.br\/site\/wp-json\/wp\/v2\/comments?post=5341"}],"version-history":[{"count":1,"href":"https:\/\/jornaloalvorada.com.br\/site\/wp-json\/wp\/v2\/posts\/5341\/revisions"}],"predecessor-version":[{"id":5343,"href":"https:\/\/jornaloalvorada.com.br\/site\/wp-json\/wp\/v2\/posts\/5341\/revisions\/5343"}],"wp:featuredmedia":[{"embeddable":true,"href":"https:\/\/jornaloalvorada.com.br\/site\/wp-json\/wp\/v2\/media\/5342"}],"wp:attachment":[{"href":"https:\/\/jornaloalvorada.com.br\/site\/wp-json\/wp\/v2\/media?parent=5341"}],"wp:term":[{"taxonomy":"category","embeddable":true,"href":"https:\/\/jornaloalvorada.com.br\/site\/wp-json\/wp\/v2\/categories?post=5341"},{"taxonomy":"post_tag","embeddable":true,"href":"https:\/\/jornaloalvorada.com.br\/site\/wp-json\/wp\/v2\/tags?post=5341"}],"curies":[{"name":"wp","href":"https:\/\/api.w.org\/{rel}","templated":true}]}}