{"id":5337,"date":"2024-03-15T10:25:59","date_gmt":"2024-03-15T14:25:59","guid":{"rendered":"https:\/\/jornaloalvorada.com.br\/site\/?p=5337"},"modified":"2024-03-15T10:26:01","modified_gmt":"2024-03-15T14:26:01","slug":"onda-de-calor-segue-no-final-de-semana-e-sexta-feira-e-marcada-por-altas-temperaturas","status":"publish","type":"post","link":"https:\/\/jornaloalvorada.com.br\/site\/2024\/03\/15\/onda-de-calor-segue-no-final-de-semana-e-sexta-feira-e-marcada-por-altas-temperaturas\/","title":{"rendered":"Onda de calor segue no final de semana e sexta-feira \u00e9 marcada por altas temperaturas"},"content":{"rendered":"\n<p>Para o final de semana, a previs\u00e3o indica continuidade do calor intenso, com temperaturas que podem chegar aos 40\u00b0C em grande parte do estado. De acordo com o Cemtec (Centro de Monitoramento do Tempo e do Clima), esta sexta-feira (15) apresenta tempo firme e, devido ao elevado aquecimento diurno, n\u00e3o descarta-se a possibilidade de chuvas de r\u00e1pida dura\u00e7\u00e3o.<\/p>\n\n\n\n<p>\u201cA atua\u00e7\u00e3o de um sistema de alta press\u00e3o atmosf\u00e9rica, ou seja, uma massa de ar quente e seca inibe a forma\u00e7\u00e3o de nuvens em grande escala e favorece o aquecimento acentuado durante o dia, deixando as temperaturas acima da m\u00e9dia em praticamente todas as regi\u00f5es do estado e configurando uma onda de calor\u201d, explica o \u00f3rg\u00e3o.<\/p>\n\n\n\n<p>Os term\u00f4metros em Campo Grande marcam 25\u00b0C inicialmente e atingem 35\u00b0C ao longo do dia. Dourados tem m\u00ednima de 25\u00b0C e m\u00e1xima de 37\u00b0C. Na fronteira com o Paraguai, Ponta Por\u00e3 amanhece com 25\u00b0C e chega aos 35\u00b0C. Em Iguatemi e Anauril\u00e2ndia, os valores variam entre 26\u00b0C e 37\u00b0C.<\/p>\n\n\n\n<p>Na regi\u00e3o do Bols\u00e3o, a m\u00ednima em Parana\u00edba \u00e9 de 25\u00b0C e a m\u00e1xima de 35\u00b0C, j\u00e1 Tr\u00eas Lagoas registra 26\u00b0C pela manh\u00e3 e 37\u00b0C \u00e0 tarde. Na regi\u00e3o Norte, os munic\u00edpios de Coxim e Camapu\u00e3 apresentam temperaturas semelhantes, com m\u00ednimas de 24\u00b0C e m\u00e1ximas de 34\u00b0C.<\/p>\n\n\n\n<p>No Pantanal, Corumb\u00e1 tem m\u00ednima de 29\u00b0C e m\u00e1xima de 36\u00b0C; Aquidauana, na mesma regi\u00e3o, tem varia\u00e7\u00e3o entre 26\u00b0C e 37\u00b0C. Porto Murtinho, no Sudoeste do estado, inicia o dia com 29\u00b0C e atinge 39\u00b0C nos hor\u00e1rios mais quentes.<\/p>\n\n\n\n<figure class=\"wp-block-image\"><a href=\"https:\/\/agenciadenoticias.ms.gov.br\/wp-content\/uploads\/2024\/03\/Mapa-Previsao-15-03-24.jpeg\"><img decoding=\"async\" src=\"https:\/\/agenciadenoticias.ms.gov.br\/wp-content\/uploads\/2024\/03\/Mapa-Previsao-15-03-24-1024x724.jpeg\" alt=\"\"\/><\/a><\/figure>\n\n\n\n<p><em>Heloisa Duim, Programa de Est\u00e1gio Supervisionado<\/em><br><em>Foto: \u00c1lvaro Rezende<\/em><\/p>\n","protected":false},"excerpt":{"rendered":"<p>Para o final de semana, a previs\u00e3o indica continuidade do calor intenso, com temperaturas que podem chegar aos 40\u00b0C em<\/p>\n","protected":false},"author":1,"featured_media":5339,"comment_status":"open","ping_status":"open","sticky":false,"template":"","format":"standard","meta":{"footnotes":""},"categories":[2],"tags":[],"class_list":["post-5337","post","type-post","status-publish","format-standard","has-post-thumbnail","hentry","category-noticias"],"_links":{"self":[{"href":"https:\/\/jornaloalvorada.com.br\/site\/wp-json\/wp\/v2\/posts\/5337","targetHints":{"allow":["GET"]}}],"collection":[{"href":"https:\/\/jornaloalvorada.com.br\/site\/wp-json\/wp\/v2\/posts"}],"about":[{"href":"https:\/\/jornaloalvorada.com.br\/site\/wp-json\/wp\/v2\/types\/post"}],"author":[{"embeddable":true,"href":"https:\/\/jornaloalvorada.com.br\/site\/wp-json\/wp\/v2\/users\/1"}],"replies":[{"embeddable":true,"href":"https:\/\/jornaloalvorada.com.br\/site\/wp-json\/wp\/v2\/comments?post=5337"}],"version-history":[{"count":1,"href":"https:\/\/jornaloalvorada.com.br\/site\/wp-json\/wp\/v2\/posts\/5337\/revisions"}],"predecessor-version":[{"id":5340,"href":"https:\/\/jornaloalvorada.com.br\/site\/wp-json\/wp\/v2\/posts\/5337\/revisions\/5340"}],"wp:featuredmedia":[{"embeddable":true,"href":"https:\/\/jornaloalvorada.com.br\/site\/wp-json\/wp\/v2\/media\/5339"}],"wp:attachment":[{"href":"https:\/\/jornaloalvorada.com.br\/site\/wp-json\/wp\/v2\/media?parent=5337"}],"wp:term":[{"taxonomy":"category","embeddable":true,"href":"https:\/\/jornaloalvorada.com.br\/site\/wp-json\/wp\/v2\/categories?post=5337"},{"taxonomy":"post_tag","embeddable":true,"href":"https:\/\/jornaloalvorada.com.br\/site\/wp-json\/wp\/v2\/tags?post=5337"}],"curies":[{"name":"wp","href":"https:\/\/api.w.org\/{rel}","templated":true}]}}