{"id":5325,"date":"2024-03-14T14:04:52","date_gmt":"2024-03-14T18:04:52","guid":{"rendered":"https:\/\/jornaloalvorada.com.br\/site\/?p=5325"},"modified":"2024-03-14T14:04:55","modified_gmt":"2024-03-14T18:04:55","slug":"calor-sufocante-inmet-mostra-5-estados-em-alerta-vermelho-de-grande-perigo-para-temperaturas-extremas-veja","status":"publish","type":"post","link":"https:\/\/jornaloalvorada.com.br\/site\/2024\/03\/14\/calor-sufocante-inmet-mostra-5-estados-em-alerta-vermelho-de-grande-perigo-para-temperaturas-extremas-veja\/","title":{"rendered":"Calor Sufocante: Inmet mostra 5 estados em alerta vermelho de grande perigo para temperaturas extremas; VEJA"},"content":{"rendered":"\n<p>O Instituto Nacional de Meteorologia (Inmet) emitiu um alerta vermelho indicando um alto risco de onda de calor em \u00e1reas do Mato Grosso do Sul, S\u00e3o Paulo, Paran\u00e1, Santa Catarina e Rio Grande do Sul. Este alerta est\u00e1 em vigor a partir de hoje, quarta-feira (14), at\u00e9 s\u00e1bado (16).<\/p>\n\n\n\n<p>Al\u00e9m disso, o Inmet tamb\u00e9m emitiu alertas laranja, indicando perigo, e amarelo, apontando perigo potencial, para v\u00e1rias regi\u00f5es do Sul, Sudeste e Centro-Oeste do pa\u00eds.<\/p>\n\n\n\n<figure class=\"wp-block-image\"><img decoding=\"async\" src=\"https:\/\/terrabrasilnoticias.com\/wp-content\/uploads\/2024\/03\/image-180-1024x566.png\" alt=\"\"\/><\/figure>\n\n\n\n<p>Reprodu\u00e7\u00e3o\/ Inmet<\/p>\n\n\n\n<h2 class=\"wp-block-heading\">O que \u00e9 onda de calor e como ela se forma<\/h2>\n\n\n\n<p>Segundo Maria Clara Sassaki, porta-voz da Climatempo, a onda de calor ocorre quando a temperatura excede a m\u00e9dia em pelo menos cinco graus, mantendo-se assim por mais de cinco dias consecutivos.<\/p>\n\n\n\n<p>Sassaki explica que a temperatura est\u00e1 relacionada com a umidade: \u201cquando o ar est\u00e1 \u00famido, a temperatura fica mais baixa, e quando o ar est\u00e1 seco, o calor aumenta.\u201d<\/p>\n\n\n\n<p>Ou seja, a onda de calor \u00e9 consequ\u00eancia de uma massa de ar seco que \u00e9 proveniente de bloqueios atmosf\u00e9ricos, mais comuns nos meses de inverno, mas que tamb\u00e9m podem acontecer no ver\u00e3o.<\/p>\n\n\n\n<p>\u201cUm bloqueio atmosf\u00e9rico \u00e9 uma circula\u00e7\u00e3o de ventos no alto da atmosfera, que impede o avan\u00e7o de frentes frias do Sul para o Sudeste. Como as frentes frias transportam umidade, durante um per\u00edodo de bloqueio, essa umidade n\u00e3o chega no continente e, por isso, o ar seco ganha for\u00e7a e o calor aumenta\u201d, explica a Sassaki.<\/p>\n\n\n\n<p>Maria Clara ainda aponta que a \u201cculpa\u201d n\u00e3o \u00e9 s\u00f3 do El Nin\u00f5, fen\u00f4meno que aquece as temperaturas da superf\u00edcie dos oceanos no Pac\u00edfico oriental e central.<\/p>\n\n\n\n<p>\u201cO El Ni\u00f1o potencializa os eventos severos, como as ondas de calor, porque deixa a atmosfera mais quente que o normal, mas tamb\u00e9m temos as mudan\u00e7as clim\u00e1ticas que contribuem bastante para as altera\u00e7\u00f5es de padr\u00e3o\u201d, relata.<\/p>\n\n\n\n<p><strong><em>Com informa\u00e7\u00f5es de CNN<\/em><\/strong><\/p>\n","protected":false},"excerpt":{"rendered":"<p>O Instituto Nacional de Meteorologia (Inmet) emitiu um alerta vermelho indicando um alto risco de onda de calor em \u00e1reas<\/p>\n","protected":false},"author":1,"featured_media":5326,"comment_status":"open","ping_status":"open","sticky":false,"template":"","format":"standard","meta":{"footnotes":""},"categories":[2],"tags":[],"class_list":["post-5325","post","type-post","status-publish","format-standard","has-post-thumbnail","hentry","category-noticias"],"_links":{"self":[{"href":"https:\/\/jornaloalvorada.com.br\/site\/wp-json\/wp\/v2\/posts\/5325","targetHints":{"allow":["GET"]}}],"collection":[{"href":"https:\/\/jornaloalvorada.com.br\/site\/wp-json\/wp\/v2\/posts"}],"about":[{"href":"https:\/\/jornaloalvorada.com.br\/site\/wp-json\/wp\/v2\/types\/post"}],"author":[{"embeddable":true,"href":"https:\/\/jornaloalvorada.com.br\/site\/wp-json\/wp\/v2\/users\/1"}],"replies":[{"embeddable":true,"href":"https:\/\/jornaloalvorada.com.br\/site\/wp-json\/wp\/v2\/comments?post=5325"}],"version-history":[{"count":1,"href":"https:\/\/jornaloalvorada.com.br\/site\/wp-json\/wp\/v2\/posts\/5325\/revisions"}],"predecessor-version":[{"id":5327,"href":"https:\/\/jornaloalvorada.com.br\/site\/wp-json\/wp\/v2\/posts\/5325\/revisions\/5327"}],"wp:featuredmedia":[{"embeddable":true,"href":"https:\/\/jornaloalvorada.com.br\/site\/wp-json\/wp\/v2\/media\/5326"}],"wp:attachment":[{"href":"https:\/\/jornaloalvorada.com.br\/site\/wp-json\/wp\/v2\/media?parent=5325"}],"wp:term":[{"taxonomy":"category","embeddable":true,"href":"https:\/\/jornaloalvorada.com.br\/site\/wp-json\/wp\/v2\/categories?post=5325"},{"taxonomy":"post_tag","embeddable":true,"href":"https:\/\/jornaloalvorada.com.br\/site\/wp-json\/wp\/v2\/tags?post=5325"}],"curies":[{"name":"wp","href":"https:\/\/api.w.org\/{rel}","templated":true}]}}