{"id":5315,"date":"2024-03-14T09:13:53","date_gmt":"2024-03-14T13:13:53","guid":{"rendered":"https:\/\/jornaloalvorada.com.br\/site\/?p=5315"},"modified":"2024-03-14T09:13:56","modified_gmt":"2024-03-14T13:13:56","slug":"aniversario-de-viviane-s-da-costa","status":"publish","type":"post","link":"https:\/\/jornaloalvorada.com.br\/site\/2024\/03\/14\/aniversario-de-viviane-s-da-costa\/","title":{"rendered":"Anivers\u00e1rio de Viviane S. da Costa"},"content":{"rendered":"\n<p>NIVER-IMPLACOU IDADE NOVA A FANT\u00c1STICA VIVIANE S.DA COSTA-10-03-COMEMOROU COM A FAM\u00cdLIA!PARAB\u00c9NS!FELICIDADES!<\/p>\n\n\n\n<figure class=\"wp-block-image size-full\"><img loading=\"lazy\" decoding=\"async\" width=\"540\" height=\"960\" src=\"https:\/\/jornaloalvorada.com.br\/site\/wp-content\/uploads\/2024\/03\/image-27.png\" alt=\"\" class=\"wp-image-5317\" srcset=\"https:\/\/jornaloalvorada.com.br\/site\/wp-content\/uploads\/2024\/03\/image-27.png 540w, https:\/\/jornaloalvorada.com.br\/site\/wp-content\/uploads\/2024\/03\/image-27-169x300.png 169w\" sizes=\"auto, (max-width: 540px) 100vw, 540px\" \/><\/figure>\n\n\n\n<figure class=\"wp-block-image size-full\"><img loading=\"lazy\" decoding=\"async\" width=\"540\" height=\"960\" src=\"https:\/\/jornaloalvorada.com.br\/site\/wp-content\/uploads\/2024\/03\/image-28.png\" alt=\"\" class=\"wp-image-5318\" srcset=\"https:\/\/jornaloalvorada.com.br\/site\/wp-content\/uploads\/2024\/03\/image-28.png 540w, https:\/\/jornaloalvorada.com.br\/site\/wp-content\/uploads\/2024\/03\/image-28-169x300.png 169w\" sizes=\"auto, (max-width: 540px) 100vw, 540px\" \/><\/figure>\n\n\n\n<figure class=\"wp-block-image size-large\"><img loading=\"lazy\" decoding=\"async\" width=\"768\" height=\"1024\" src=\"https:\/\/jornaloalvorada.com.br\/site\/wp-content\/uploads\/2024\/03\/image-29-768x1024.png\" alt=\"\" class=\"wp-image-5319\" srcset=\"https:\/\/jornaloalvorada.com.br\/site\/wp-content\/uploads\/2024\/03\/image-29-768x1024.png 768w, https:\/\/jornaloalvorada.com.br\/site\/wp-content\/uploads\/2024\/03\/image-29-225x300.png 225w, https:\/\/jornaloalvorada.com.br\/site\/wp-content\/uploads\/2024\/03\/image-29-1152x1536.png 1152w, https:\/\/jornaloalvorada.com.br\/site\/wp-content\/uploads\/2024\/03\/image-29.png 1200w\" sizes=\"auto, (max-width: 768px) 100vw, 768px\" \/><\/figure>\n\n\n\n<figure class=\"wp-block-image size-full\"><img loading=\"lazy\" decoding=\"async\" width=\"540\" height=\"960\" src=\"https:\/\/jornaloalvorada.com.br\/site\/wp-content\/uploads\/2024\/03\/image-30.png\" alt=\"\" class=\"wp-image-5320\" srcset=\"https:\/\/jornaloalvorada.com.br\/site\/wp-content\/uploads\/2024\/03\/image-30.png 540w, https:\/\/jornaloalvorada.com.br\/site\/wp-content\/uploads\/2024\/03\/image-30-169x300.png 169w\" sizes=\"auto, (max-width: 540px) 100vw, 540px\" \/><\/figure>\n","protected":false},"excerpt":{"rendered":"<p>NIVER-IMPLACOU IDADE NOVA A FANT\u00c1STICA VIVIANE S.DA COSTA-10-03-COMEMOROU COM A FAM\u00cdLIA!PARAB\u00c9NS!FELICIDADES!<\/p>\n","protected":false},"author":1,"featured_media":5316,"comment_status":"open","ping_status":"open","sticky":false,"template":"","format":"standard","meta":{"footnotes":""},"categories":[3],"tags":[],"class_list":["post-5315","post","type-post","status-publish","format-standard","has-post-thumbnail","hentry","category-social"],"_links":{"self":[{"href":"https:\/\/jornaloalvorada.com.br\/site\/wp-json\/wp\/v2\/posts\/5315","targetHints":{"allow":["GET"]}}],"collection":[{"href":"https:\/\/jornaloalvorada.com.br\/site\/wp-json\/wp\/v2\/posts"}],"about":[{"href":"https:\/\/jornaloalvorada.com.br\/site\/wp-json\/wp\/v2\/types\/post"}],"author":[{"embeddable":true,"href":"https:\/\/jornaloalvorada.com.br\/site\/wp-json\/wp\/v2\/users\/1"}],"replies":[{"embeddable":true,"href":"https:\/\/jornaloalvorada.com.br\/site\/wp-json\/wp\/v2\/comments?post=5315"}],"version-history":[{"count":1,"href":"https:\/\/jornaloalvorada.com.br\/site\/wp-json\/wp\/v2\/posts\/5315\/revisions"}],"predecessor-version":[{"id":5321,"href":"https:\/\/jornaloalvorada.com.br\/site\/wp-json\/wp\/v2\/posts\/5315\/revisions\/5321"}],"wp:featuredmedia":[{"embeddable":true,"href":"https:\/\/jornaloalvorada.com.br\/site\/wp-json\/wp\/v2\/media\/5316"}],"wp:attachment":[{"href":"https:\/\/jornaloalvorada.com.br\/site\/wp-json\/wp\/v2\/media?parent=5315"}],"wp:term":[{"taxonomy":"category","embeddable":true,"href":"https:\/\/jornaloalvorada.com.br\/site\/wp-json\/wp\/v2\/categories?post=5315"},{"taxonomy":"post_tag","embeddable":true,"href":"https:\/\/jornaloalvorada.com.br\/site\/wp-json\/wp\/v2\/tags?post=5315"}],"curies":[{"name":"wp","href":"https:\/\/api.w.org\/{rel}","templated":true}]}}