{"id":5309,"date":"2024-03-14T09:07:25","date_gmt":"2024-03-14T13:07:25","guid":{"rendered":"https:\/\/jornaloalvorada.com.br\/site\/?p=5309"},"modified":"2024-03-14T09:07:31","modified_gmt":"2024-03-14T13:07:31","slug":"bolsonaro-e-michelle-fazem-fotos-para-lancamento-de-novo-perfume-veja","status":"publish","type":"post","link":"https:\/\/jornaloalvorada.com.br\/site\/2024\/03\/14\/bolsonaro-e-michelle-fazem-fotos-para-lancamento-de-novo-perfume-veja\/","title":{"rendered":"Bolsonaro e Michelle fazem fotos para lan\u00e7amento de novo perfume. Veja"},"content":{"rendered":"\n<p>Na tarde desta quarta-feira (13\/3),&nbsp;o ex presidente Jair Bolsonaro (PL)&nbsp;fez uma sess\u00e3o de fotos ao lado da sua esposa Michelle Bolsonaro em Bras\u00edlia para promover o lan\u00e7amento de um novo perfume que vai ser lan\u00e7ado no dia 21 de mar\u00e7o data em que faz anivers\u00e1rio.&nbsp;<\/p>\n\n\n\n<figure class=\"wp-block-image\"><img decoding=\"async\" src=\"https:\/\/terrabrasilnoticias.com\/wp-content\/uploads\/2024\/03\/IMG_8571-576x1024.jpeg\" alt=\"\"\/><\/figure>\n\n\n\n<p>De acordo com o maquiador Agustin Fernandez, que promover\u00e1 as vendas do produto em sua loja online Loja do Divo, o perfume de Jair Bolsonaro \u201ctraz na ess\u00eancia exclusividade, for\u00e7a masculina e resili\u00eancia\u201d.&nbsp;<\/p>\n\n\n\n<p>Bolsonaro j\u00e1 estampou campanhas de canecas, t\u00e1bua de churrasco, canetas e uma estatueta com a sua silhueta. Todos os esses produtos s\u00e3o vendidos pelo filho, o deputado federal Eduardo Bolsonaro (PL-SP).&nbsp;<\/p>\n\n\n\n<p>L\u00e9o Dias<\/p>\n","protected":false},"excerpt":{"rendered":"<p>Na tarde desta quarta-feira (13\/3),&nbsp;o ex presidente Jair Bolsonaro (PL)&nbsp;fez uma sess\u00e3o de fotos ao lado da sua esposa Michelle<\/p>\n","protected":false},"author":1,"featured_media":5310,"comment_status":"open","ping_status":"open","sticky":false,"template":"","format":"standard","meta":{"footnotes":""},"categories":[3],"tags":[],"class_list":["post-5309","post","type-post","status-publish","format-standard","has-post-thumbnail","hentry","category-social"],"_links":{"self":[{"href":"https:\/\/jornaloalvorada.com.br\/site\/wp-json\/wp\/v2\/posts\/5309","targetHints":{"allow":["GET"]}}],"collection":[{"href":"https:\/\/jornaloalvorada.com.br\/site\/wp-json\/wp\/v2\/posts"}],"about":[{"href":"https:\/\/jornaloalvorada.com.br\/site\/wp-json\/wp\/v2\/types\/post"}],"author":[{"embeddable":true,"href":"https:\/\/jornaloalvorada.com.br\/site\/wp-json\/wp\/v2\/users\/1"}],"replies":[{"embeddable":true,"href":"https:\/\/jornaloalvorada.com.br\/site\/wp-json\/wp\/v2\/comments?post=5309"}],"version-history":[{"count":1,"href":"https:\/\/jornaloalvorada.com.br\/site\/wp-json\/wp\/v2\/posts\/5309\/revisions"}],"predecessor-version":[{"id":5311,"href":"https:\/\/jornaloalvorada.com.br\/site\/wp-json\/wp\/v2\/posts\/5309\/revisions\/5311"}],"wp:featuredmedia":[{"embeddable":true,"href":"https:\/\/jornaloalvorada.com.br\/site\/wp-json\/wp\/v2\/media\/5310"}],"wp:attachment":[{"href":"https:\/\/jornaloalvorada.com.br\/site\/wp-json\/wp\/v2\/media?parent=5309"}],"wp:term":[{"taxonomy":"category","embeddable":true,"href":"https:\/\/jornaloalvorada.com.br\/site\/wp-json\/wp\/v2\/categories?post=5309"},{"taxonomy":"post_tag","embeddable":true,"href":"https:\/\/jornaloalvorada.com.br\/site\/wp-json\/wp\/v2\/tags?post=5309"}],"curies":[{"name":"wp","href":"https:\/\/api.w.org\/{rel}","templated":true}]}}