{"id":5301,"date":"2024-03-13T13:45:15","date_gmt":"2024-03-13T17:45:15","guid":{"rendered":"https:\/\/jornaloalvorada.com.br\/site\/?p=5301"},"modified":"2024-03-13T13:45:18","modified_gmt":"2024-03-13T17:45:18","slug":"alerta-terceira-onda-de-calor-do-ano-sera-maior-e-deve-durar-ate-a-proxima-semana-veja-previsao","status":"publish","type":"post","link":"https:\/\/jornaloalvorada.com.br\/site\/2024\/03\/13\/alerta-terceira-onda-de-calor-do-ano-sera-maior-e-deve-durar-ate-a-proxima-semana-veja-previsao\/","title":{"rendered":"ALERTA: terceira onda de calor do ano ser\u00e1 maior e deve durar at\u00e9 a pr\u00f3xima semana; veja previs\u00e3o"},"content":{"rendered":"\n<p>A previs\u00e3o meteorol\u00f3gica indica que a terceira onda de calor deste ano persistir\u00e1 at\u00e9 a pr\u00f3xima semana, conforme apontado pelos modelos meteorol\u00f3gicos. A Climatempo informa que as temperaturas acima da m\u00e9dia continuar\u00e3o sendo registradas at\u00e9 a ter\u00e7a-feira seguinte, dia 20.<\/p>\n\n\n\n<p>Inicialmente, a previs\u00e3o estimava que o fen\u00f4meno se encerraria at\u00e9 sexta-feira, dia 15. A meteorologista Maria Clara Sassaki, representante da Climatempo, esclarece que houve uma extens\u00e3o no per\u00edodo da onda de calor, abrangendo o Sul, Sudeste e parte do Centro-Oeste.<\/p>\n\n\n\n<p>\u201cO \u00e1pice dessa onda de calor deve acontecer entre quinta e s\u00e1bado. No domingo, a previs\u00e3o \u00e9 de uma leve oscila\u00e7\u00e3o, por conta da entrada de umidade, mas volta a esquentar no in\u00edcio da semana que vem\u201d, detalha a meteorologista.<\/p>\n\n\n\n<figure class=\"wp-block-image\"><img decoding=\"async\" src=\"https:\/\/terrabrasilnoticias.com\/wp-content\/uploads\/2024\/03\/image-165-419x1024.png\" alt=\"\"\/><\/figure>\n\n\n\n<p>Onda de calor deve durar at\u00e9 dia 20 de mar\u00e7o. \u2014 Foto: Arte\/g1<\/p>\n\n\n\n<p>O Instituto Nacional de Meteorologia (Inmet) mant\u00e9m o aviso de \u201cperigo\u201d at\u00e9 o dia 15. Segundo o instituto, cinco estados devem registrar temperaturas m\u00e1ximas 5\u00b0C acima da m\u00e9dia: Mato Grosso do Sul, S\u00e3o Paulo, Paran\u00e1, Santa Catarina e Rio Grande do Sul.<\/p>\n\n\n\n<p>No caso das ondas de calor, o aviso laranja do Inmet, que indica \u201cperigo\u201d, \u00e9 emitido quando h\u00e1 a persist\u00eancia das temperaturas acima da m\u00e9dia pelo per\u00edodo de tr\u00eas a cinco dias.<\/p>\n\n\n\n<p>Os term\u00f4metros devem registrar as maiores marcas na faixa oeste do Rio Grande do Sul, extremo oeste de Santa Catarina, extremo oeste do Paran\u00e1 e faixa sul e oeste do Mato Grosso do Sul. Nessas regi\u00f5es, as temperaturas podem ficar at\u00e9 8\u00baC acima da m\u00e9dia.<\/p>\n\n\n\n<p>Nesta quarta (13), as maiores m\u00e1ximas devem ser registradas no&nbsp;<strong>oeste do Mato Grosso do Sul<\/strong>&nbsp;e&nbsp;<strong>oeste de S\u00e3o Paulo<\/strong>. De acordo com a Climatempo, as&nbsp;<strong>temperaturas devem ficar pr\u00f3ximas aos 40\u00baC<\/strong>&nbsp;nessas regi\u00f5es.<\/p>\n\n\n\n<p>Veja como ficam as temperaturas nas capitais nos pr\u00f3ximos dias, segundo o Inmet:<\/p>\n\n\n\n<figure class=\"wp-block-image\"><img decoding=\"async\" src=\"https:\/\/terrabrasilnoticias.com\/wp-content\/uploads\/2024\/03\/image-166.png\" alt=\"\"\/><\/figure>\n\n\n\n<p><strong><em>Com informa\u00e7\u00f5es de G1<\/em><\/strong><\/p>\n","protected":false},"excerpt":{"rendered":"<p>A previs\u00e3o meteorol\u00f3gica indica que a terceira onda de calor deste ano persistir\u00e1 at\u00e9 a pr\u00f3xima semana, conforme apontado pelos<\/p>\n","protected":false},"author":1,"featured_media":5302,"comment_status":"open","ping_status":"open","sticky":false,"template":"","format":"standard","meta":{"footnotes":""},"categories":[2],"tags":[],"class_list":["post-5301","post","type-post","status-publish","format-standard","has-post-thumbnail","hentry","category-noticias"],"_links":{"self":[{"href":"https:\/\/jornaloalvorada.com.br\/site\/wp-json\/wp\/v2\/posts\/5301","targetHints":{"allow":["GET"]}}],"collection":[{"href":"https:\/\/jornaloalvorada.com.br\/site\/wp-json\/wp\/v2\/posts"}],"about":[{"href":"https:\/\/jornaloalvorada.com.br\/site\/wp-json\/wp\/v2\/types\/post"}],"author":[{"embeddable":true,"href":"https:\/\/jornaloalvorada.com.br\/site\/wp-json\/wp\/v2\/users\/1"}],"replies":[{"embeddable":true,"href":"https:\/\/jornaloalvorada.com.br\/site\/wp-json\/wp\/v2\/comments?post=5301"}],"version-history":[{"count":1,"href":"https:\/\/jornaloalvorada.com.br\/site\/wp-json\/wp\/v2\/posts\/5301\/revisions"}],"predecessor-version":[{"id":5303,"href":"https:\/\/jornaloalvorada.com.br\/site\/wp-json\/wp\/v2\/posts\/5301\/revisions\/5303"}],"wp:featuredmedia":[{"embeddable":true,"href":"https:\/\/jornaloalvorada.com.br\/site\/wp-json\/wp\/v2\/media\/5302"}],"wp:attachment":[{"href":"https:\/\/jornaloalvorada.com.br\/site\/wp-json\/wp\/v2\/media?parent=5301"}],"wp:term":[{"taxonomy":"category","embeddable":true,"href":"https:\/\/jornaloalvorada.com.br\/site\/wp-json\/wp\/v2\/categories?post=5301"},{"taxonomy":"post_tag","embeddable":true,"href":"https:\/\/jornaloalvorada.com.br\/site\/wp-json\/wp\/v2\/tags?post=5301"}],"curies":[{"name":"wp","href":"https:\/\/api.w.org\/{rel}","templated":true}]}}