{"id":5296,"date":"2024-03-13T13:41:43","date_gmt":"2024-03-13T17:41:43","guid":{"rendered":"https:\/\/jornaloalvorada.com.br\/site\/?p=5296"},"modified":"2024-03-13T13:41:46","modified_gmt":"2024-03-13T17:41:46","slug":"prepare-se-para-um-sabado-sertanejo-inesquecivel-na-feira-do-produtor","status":"publish","type":"post","link":"https:\/\/jornaloalvorada.com.br\/site\/2024\/03\/13\/prepare-se-para-um-sabado-sertanejo-inesquecivel-na-feira-do-produtor\/","title":{"rendered":"Prepare-se para um S\u00e1bado Sertanejo inesquec\u00edvel na Feira do Produtor!"},"content":{"rendered":"\n<p>Neste s\u00e1bado, dia 16, a Prefeitura Municipal de Nova Alvorada do Sul, atrav\u00e9s da Coordenadoria de Cultura e Turismo, convida voc\u00ea para o S\u00e1bado Sertanejo na Feira do Produtor!<\/p>\n\n\n\n<p>A partir das 18h, prepare-se para uma noite de muita m\u00fasica com os cantores:<\/p>\n\n\n\n<p>Adrielly<\/p>\n\n\n\n<p>Vinicius Benny<\/p>\n\n\n\n<p>Allyfer Bk<\/p>\n\n\n\n<p>Ester Nascimento<\/p>\n\n\n\n<p>Geam Silva<\/p>\n\n\n\n<p>Talisson Adriel<\/p>\n\n\n\n<p>Thauanne Castro<\/p>\n\n\n\n<p>Lucas Viola<\/p>\n\n\n\n<p>Sidney e Lucio Fera<\/p>\n\n\n\n<p>Venha curtir o melhor da m\u00fasica sertaneja em um ambiente familiar e aconchegante.<\/p>\n\n\n\n<figure class=\"wp-block-image size-full\"><img loading=\"lazy\" decoding=\"async\" width=\"512\" height=\"640\" src=\"http:\/\/jornaloalvorada.com.br\/site\/wp-content\/uploads\/2024\/03\/sabado-sertanejo.jpg\" alt=\"\" class=\"wp-image-5262\" srcset=\"https:\/\/jornaloalvorada.com.br\/site\/wp-content\/uploads\/2024\/03\/sabado-sertanejo.jpg 512w, https:\/\/jornaloalvorada.com.br\/site\/wp-content\/uploads\/2024\/03\/sabado-sertanejo-240x300.jpg 240w\" sizes=\"auto, (max-width: 512px) 100vw, 512px\" \/><\/figure>\n","protected":false},"excerpt":{"rendered":"<p>Neste s\u00e1bado, dia 16, a Prefeitura Municipal de Nova Alvorada do Sul, atrav\u00e9s da Coordenadoria de Cultura e Turismo, convida<\/p>\n","protected":false},"author":1,"featured_media":5261,"comment_status":"open","ping_status":"open","sticky":false,"template":"","format":"standard","meta":{"footnotes":""},"categories":[3],"tags":[],"class_list":["post-5296","post","type-post","status-publish","format-standard","has-post-thumbnail","hentry","category-social"],"_links":{"self":[{"href":"https:\/\/jornaloalvorada.com.br\/site\/wp-json\/wp\/v2\/posts\/5296","targetHints":{"allow":["GET"]}}],"collection":[{"href":"https:\/\/jornaloalvorada.com.br\/site\/wp-json\/wp\/v2\/posts"}],"about":[{"href":"https:\/\/jornaloalvorada.com.br\/site\/wp-json\/wp\/v2\/types\/post"}],"author":[{"embeddable":true,"href":"https:\/\/jornaloalvorada.com.br\/site\/wp-json\/wp\/v2\/users\/1"}],"replies":[{"embeddable":true,"href":"https:\/\/jornaloalvorada.com.br\/site\/wp-json\/wp\/v2\/comments?post=5296"}],"version-history":[{"count":1,"href":"https:\/\/jornaloalvorada.com.br\/site\/wp-json\/wp\/v2\/posts\/5296\/revisions"}],"predecessor-version":[{"id":5297,"href":"https:\/\/jornaloalvorada.com.br\/site\/wp-json\/wp\/v2\/posts\/5296\/revisions\/5297"}],"wp:featuredmedia":[{"embeddable":true,"href":"https:\/\/jornaloalvorada.com.br\/site\/wp-json\/wp\/v2\/media\/5261"}],"wp:attachment":[{"href":"https:\/\/jornaloalvorada.com.br\/site\/wp-json\/wp\/v2\/media?parent=5296"}],"wp:term":[{"taxonomy":"category","embeddable":true,"href":"https:\/\/jornaloalvorada.com.br\/site\/wp-json\/wp\/v2\/categories?post=5296"},{"taxonomy":"post_tag","embeddable":true,"href":"https:\/\/jornaloalvorada.com.br\/site\/wp-json\/wp\/v2\/tags?post=5296"}],"curies":[{"name":"wp","href":"https:\/\/api.w.org\/{rel}","templated":true}]}}