{"id":5293,"date":"2024-02-25T18:01:00","date_gmt":"2024-02-25T22:01:00","guid":{"rendered":"https:\/\/jornaloalvorada.com.br\/site\/?p=5293"},"modified":"2024-03-13T13:29:40","modified_gmt":"2024-03-13T17:29:40","slug":"circuito-de-volei-evidencia-evolucao-do-esporte-de-ms-e-e-palco-para-atletas-locais-se-destacarem","status":"publish","type":"post","link":"https:\/\/jornaloalvorada.com.br\/site\/2024\/02\/25\/circuito-de-volei-evidencia-evolucao-do-esporte-de-ms-e-e-palco-para-atletas-locais-se-destacarem\/","title":{"rendered":"Circuito de V\u00f4lei evidencia evolu\u00e7\u00e3o do esporte de MS e \u00e9 palco para atletas locais se destacarem"},"content":{"rendered":"\n<p>Acabou. E foi com chave de ouro. Cinco dias de intensas disputas entre os principais atletas do v\u00f4lei de praia nacional em Campo Grande marcaram o in\u00edcio do Circuito Brasileiro de V\u00f4lei de Praia. Os jogos do Aberto e do Top 16 aconteceram em cinco quadras &#8211; quatro externas e uma arena principal &#8211; montadas no Parque das Na\u00e7\u00f5es Ind\u00edgenas, onde neste domingo (25) aconteceu as decis\u00f5es de terceiro lugar e as finais das categorias masculina e feminina.<\/p>\n\n\n\n<p>Fora o espet\u00e1culo em quadra, p\u00fablico foi um show a parte, lotando a arena e participando de cada lance, mostrando para todo o Brasil toda sua anima\u00e7\u00e3o e paix\u00e3o dos sul-mato-grossenses pelo v\u00f4lei de praia. As partidas foram transmitidas pelos canais de TV por assinatura SporTV. E \u00e9 justamente por mostrar o Mato Grosso do Sul para todo o pa\u00eds que o torneio tem mais relev\u00e2ncia.<\/p>\n\n\n\n<p>&#8220;Mato Grosso do Sul se inserir nos circuitos nacionais \u00e9 muito importante em qualquer modalidade. Temos atletas nossos, sul-mato-grossenses participando, como por exemplo a Victoria e o Arthur. Eles s\u00e3o bolsistas do Bolsa-Atleta e mostram que essa pol\u00edtica p\u00fablica est\u00e1 funcionando naquilo que a gente preconiza&#8221;, destaca o governador Eduardo Riedel.<\/p>\n\n\n\n<p>O governador ainda ressaltou presenciar a &#8220;evolu\u00e7\u00e3o do esporte em nosso Estado&#8221; e que a realiza\u00e7\u00e3o de eventos de tal porte s\u00e3o &#8220;um show que \u00e9 para a popula\u00e7\u00e3o, que se diverte e passa uma manh\u00e3 inteira acompanhando esse momento importante&#8221;, finaliza o chefe do Executivo.<\/p>\n\n\n\n<p>Com entrada gratuita, nem mesmo o forte sol espantou o p\u00fablico, que contou at\u00e9 com gente vindo de outro estado. \u00c9 o caso de Vanessa Lopes, que veio de Cuiab\u00e1 para acompanhar dois amigos. E ela foi p\u00e9 quente, pois eles venceram a competi\u00e7\u00e3o. &#8220;Vim de longe para ver esses dois queridos, Mois\u00e9s e Matheuszinho, e dei sorte. A estrutura aqui ficou muito boa. Parab\u00e9ns&#8221;.<\/p>\n","protected":false},"excerpt":{"rendered":"<p>Acabou. E foi com chave de ouro. Cinco dias de intensas disputas entre os principais atletas do v\u00f4lei de praia<\/p>\n","protected":false},"author":1,"featured_media":5294,"comment_status":"open","ping_status":"open","sticky":false,"template":"","format":"standard","meta":{"footnotes":""},"categories":[2],"tags":[],"class_list":["post-5293","post","type-post","status-publish","format-standard","has-post-thumbnail","hentry","category-noticias"],"_links":{"self":[{"href":"https:\/\/jornaloalvorada.com.br\/site\/wp-json\/wp\/v2\/posts\/5293","targetHints":{"allow":["GET"]}}],"collection":[{"href":"https:\/\/jornaloalvorada.com.br\/site\/wp-json\/wp\/v2\/posts"}],"about":[{"href":"https:\/\/jornaloalvorada.com.br\/site\/wp-json\/wp\/v2\/types\/post"}],"author":[{"embeddable":true,"href":"https:\/\/jornaloalvorada.com.br\/site\/wp-json\/wp\/v2\/users\/1"}],"replies":[{"embeddable":true,"href":"https:\/\/jornaloalvorada.com.br\/site\/wp-json\/wp\/v2\/comments?post=5293"}],"version-history":[{"count":1,"href":"https:\/\/jornaloalvorada.com.br\/site\/wp-json\/wp\/v2\/posts\/5293\/revisions"}],"predecessor-version":[{"id":5295,"href":"https:\/\/jornaloalvorada.com.br\/site\/wp-json\/wp\/v2\/posts\/5293\/revisions\/5295"}],"wp:featuredmedia":[{"embeddable":true,"href":"https:\/\/jornaloalvorada.com.br\/site\/wp-json\/wp\/v2\/media\/5294"}],"wp:attachment":[{"href":"https:\/\/jornaloalvorada.com.br\/site\/wp-json\/wp\/v2\/media?parent=5293"}],"wp:term":[{"taxonomy":"category","embeddable":true,"href":"https:\/\/jornaloalvorada.com.br\/site\/wp-json\/wp\/v2\/categories?post=5293"},{"taxonomy":"post_tag","embeddable":true,"href":"https:\/\/jornaloalvorada.com.br\/site\/wp-json\/wp\/v2\/tags?post=5293"}],"curies":[{"name":"wp","href":"https:\/\/api.w.org\/{rel}","templated":true}]}}