{"id":5287,"date":"2024-02-25T09:56:00","date_gmt":"2024-02-25T13:56:00","guid":{"rendered":"https:\/\/jornaloalvorada.com.br\/site\/?p=5287"},"modified":"2024-03-13T13:29:52","modified_gmt":"2024-03-13T17:29:52","slug":"fla-e-flu-disputam-jogo-que-pode-definir-vencedor-da-taca-guanabara","status":"publish","type":"post","link":"https:\/\/jornaloalvorada.com.br\/site\/2024\/02\/25\/fla-e-flu-disputam-jogo-que-pode-definir-vencedor-da-taca-guanabara\/","title":{"rendered":"Fla e Flu disputam jogo que pode definir vencedor da Ta\u00e7a Guanabara"},"content":{"rendered":"\n<p>Flamengo e Fluminense medem for\u00e7as, a partir das 16h (hor\u00e1rio de Bras\u00edlia) deste domingo (25) no est\u00e1dio do Maracan\u00e3, em partida que pode definir o campe\u00e3o da Ta\u00e7a Guanabara (primeira fase) do Campeonato Carioca. A <strong>R\u00e1dio Nacional<\/strong> transmite o confronto decisivo ao vivo.<\/p>\n\n\n\n<p>O Rubro-Negro, que em seu \u00faltimo compromisso pela competi\u00e7\u00e3o goleou o Boavista por 4 a 0 na ter\u00e7a-feira (20), \u00e9 o l\u00edder da classifica\u00e7\u00e3o com 21 pontos (mesma pontua\u00e7\u00e3o do Fluminense, que ocupa a 2\u00aa posi\u00e7\u00e3o por ter um saldo de gols menor).<\/p>\n\n\n\n<p>E o Flamengo chega \u00e0 partida em um momento no qual apresenta o seu melhor futebol na temporada at\u00e9 aqui. Segundo o t\u00e9cnico Tite, a equipe vive um momento de equil\u00edbrio, o que tem levado a resultados positivos: \u201cEstamos ajustando, procurando esse equil\u00edbrio. Em n\u00fameros, o saldo de gols elevado [no Campeonato Carioca] d\u00e1 o ind\u00edcio de uma equipe equilibrada\u201d.<\/p>\n\n\n\n<p>Nas \u00faltimas rodadas o Rubro-Negro tem tido de lidar com desfalques importantes, como os dos meio-campistas Gerson, Allan e Erick Pulgar, todos com problemas de sa\u00fade. A expectativa \u00e9 de que os dois \u00faltimos possam estar \u00e0 disposi\u00e7\u00e3o para o cl\u00e1ssico deste domingo.<\/p>\n\n\n\n<p>Se o Flamengo chega ao cl\u00e1ssico ap\u00f3s uma boa vit\u00f3ria, o Fluminense vem de uma derrota de 1 a 0 para a LDU (Equador), na \u00faltima quinta-feira (21) em partida de ida da Recopa Sul-Americana, competi\u00e7\u00e3o que re\u00fane o atual campe\u00e3o da Copa Libertadores e o vencedor da Copa Sul-Americana.<\/p>\n\n\n\n<p>Em raz\u00e3o deste compromisso, a grande d\u00favida da torcida tricolor \u00e9 saber qual equipe o t\u00e9cnico Fernando Diniz mandar\u00e1 a campo ap\u00f3s um confronto muito desgastante, disputado nos 2.850 metros de altitude de Quito.<\/p>\n\n\n\n<p>Tendo uma nova partida decisiva contra a LDU, na pr\u00f3xima quinta-feira (29) no est\u00e1dio do Maracan\u00e3, existe a possibilidade de o Fernando Diniz optar por colocar em campo diante do Flamengo uma equipe alternativa.<\/p>\n\n\n\n<p><strong><em>Fonte: Ag\u00eancia Brasil<\/em><\/strong><\/p>\n","protected":false},"excerpt":{"rendered":"<p>Flamengo e Fluminense medem for\u00e7as, a partir das 16h (hor\u00e1rio de Bras\u00edlia) deste domingo (25) no est\u00e1dio do Maracan\u00e3, em<\/p>\n","protected":false},"author":1,"featured_media":5288,"comment_status":"open","ping_status":"open","sticky":false,"template":"","format":"standard","meta":{"footnotes":""},"categories":[2],"tags":[],"class_list":["post-5287","post","type-post","status-publish","format-standard","has-post-thumbnail","hentry","category-noticias"],"_links":{"self":[{"href":"https:\/\/jornaloalvorada.com.br\/site\/wp-json\/wp\/v2\/posts\/5287","targetHints":{"allow":["GET"]}}],"collection":[{"href":"https:\/\/jornaloalvorada.com.br\/site\/wp-json\/wp\/v2\/posts"}],"about":[{"href":"https:\/\/jornaloalvorada.com.br\/site\/wp-json\/wp\/v2\/types\/post"}],"author":[{"embeddable":true,"href":"https:\/\/jornaloalvorada.com.br\/site\/wp-json\/wp\/v2\/users\/1"}],"replies":[{"embeddable":true,"href":"https:\/\/jornaloalvorada.com.br\/site\/wp-json\/wp\/v2\/comments?post=5287"}],"version-history":[{"count":1,"href":"https:\/\/jornaloalvorada.com.br\/site\/wp-json\/wp\/v2\/posts\/5287\/revisions"}],"predecessor-version":[{"id":5289,"href":"https:\/\/jornaloalvorada.com.br\/site\/wp-json\/wp\/v2\/posts\/5287\/revisions\/5289"}],"wp:featuredmedia":[{"embeddable":true,"href":"https:\/\/jornaloalvorada.com.br\/site\/wp-json\/wp\/v2\/media\/5288"}],"wp:attachment":[{"href":"https:\/\/jornaloalvorada.com.br\/site\/wp-json\/wp\/v2\/media?parent=5287"}],"wp:term":[{"taxonomy":"category","embeddable":true,"href":"https:\/\/jornaloalvorada.com.br\/site\/wp-json\/wp\/v2\/categories?post=5287"},{"taxonomy":"post_tag","embeddable":true,"href":"https:\/\/jornaloalvorada.com.br\/site\/wp-json\/wp\/v2\/tags?post=5287"}],"curies":[{"name":"wp","href":"https:\/\/api.w.org\/{rel}","templated":true}]}}