{"id":5285,"date":"2024-02-25T08:49:00","date_gmt":"2024-02-25T12:49:00","guid":{"rendered":"https:\/\/jornaloalvorada.com.br\/site\/?p=5285"},"modified":"2024-03-13T13:30:35","modified_gmt":"2024-03-13T17:30:35","slug":"semana-e-encerrada-com-tempo-instavel-e-probabilidade-de-chuvas-neste-domingo","status":"publish","type":"post","link":"https:\/\/jornaloalvorada.com.br\/site\/2024\/02\/25\/semana-e-encerrada-com-tempo-instavel-e-probabilidade-de-chuvas-neste-domingo\/","title":{"rendered":"Semana \u00e9 encerrada com tempo inst\u00e1vel e probabilidade de chuvas neste domingo"},"content":{"rendered":"\n<p>A previs\u00e3o do Cemtec (Centro de Monitoramento do Tempo e do Clima) para este domingo (25) indica sol e varia\u00e7\u00e3o de nebulosidade em grande parte de Mato Grosso do Sul. Al\u00e9m disso, devido a combina\u00e7\u00e3o de fatores meteorol\u00f3gicos, podem ocorrer pancadas de chuvas e, de forma pontual, tempestades acompanhadas de raios e rajadas de vento.<\/p>\n\n\n\n<p>\u201cEssas instabilidades atmosf\u00e9ricas ocorrem devido a disponibilidade de calor e umidade, aliada a passagem de cavados\u201d, contextualiza o \u00f3rg\u00e3o. Em rela\u00e7\u00e3o \u00e0s temperaturas, destaca-se uma eleva\u00e7\u00e3o gradativa nos valores, podendo ultrapassar 35\u00b0C.<\/p>\n\n\n\n<p>Em Campo Grande, a m\u00ednima prevista \u00e9 de 24\u00b0C e a m\u00e1xima \u00e9 de 31\u00b0C. Os term\u00f4metros em Dourados marcam 23\u00b0C inicialmente e chegam aos 33\u00b0C. Na regi\u00e3o Sul, Ponta Por\u00e3 e Iguatemi registram 23\u00b0C pela manh\u00e3 e atingem, no per\u00edodo da tarde, 31\u00b0C e 34\u00b0C, respectivamente.<\/p>\n\n\n\n<p>No Bols\u00e3o, Parana\u00edba tem m\u00ednima de 24\u00b0C e a m\u00e1xima de 35\u00b0C; Tr\u00eas Lagoas apresenta varia\u00e7\u00e3o entre 25\u00b0C e 34\u00b0C. Na regi\u00e3o Norte, Coxim e Camapu\u00e3 amanhecem com 23\u00b0C e chegam aos 33\u00b0C nos hor\u00e1rios mais quentes.<\/p>\n\n\n\n<p>Na regi\u00e3o do Bols\u00e3o, Corumb\u00e1 e Aquidauana registram m\u00ednimas semelhantes de 25\u00b0C, com m\u00e1ximas respectivas de 30\u00b0C e 32\u00b0C. Porto Murtinho, no Sudoeste do estado, tem 25\u00b0C pela manh\u00e3 e atinge 33\u00b0C ao longo do dia.<\/p>\n\n\n\n<figure class=\"wp-block-image\"><a href=\"https:\/\/agenciadenoticias.ms.gov.br\/wp-content\/uploads\/2024\/02\/Mapa-Previsao-25-02-24.jpeg\"><img decoding=\"async\" src=\"https:\/\/agenciadenoticias.ms.gov.br\/wp-content\/uploads\/2024\/02\/Mapa-Previsao-25-02-24-1024x724.jpeg\" alt=\"\"\/><\/a><\/figure>\n\n\n\n<p><em>Heloisa Duim, Programa de Est\u00e1gio Supervisionado<\/em><br><em>Foto: Saul Schramm<\/em><\/p>\n","protected":false},"excerpt":{"rendered":"<p>A previs\u00e3o do Cemtec (Centro de Monitoramento do Tempo e do Clima) para este domingo (25) indica sol e varia\u00e7\u00e3o<\/p>\n","protected":false},"author":1,"featured_media":5087,"comment_status":"open","ping_status":"open","sticky":false,"template":"","format":"standard","meta":{"footnotes":""},"categories":[2],"tags":[],"class_list":["post-5285","post","type-post","status-publish","format-standard","has-post-thumbnail","hentry","category-noticias"],"_links":{"self":[{"href":"https:\/\/jornaloalvorada.com.br\/site\/wp-json\/wp\/v2\/posts\/5285","targetHints":{"allow":["GET"]}}],"collection":[{"href":"https:\/\/jornaloalvorada.com.br\/site\/wp-json\/wp\/v2\/posts"}],"about":[{"href":"https:\/\/jornaloalvorada.com.br\/site\/wp-json\/wp\/v2\/types\/post"}],"author":[{"embeddable":true,"href":"https:\/\/jornaloalvorada.com.br\/site\/wp-json\/wp\/v2\/users\/1"}],"replies":[{"embeddable":true,"href":"https:\/\/jornaloalvorada.com.br\/site\/wp-json\/wp\/v2\/comments?post=5285"}],"version-history":[{"count":1,"href":"https:\/\/jornaloalvorada.com.br\/site\/wp-json\/wp\/v2\/posts\/5285\/revisions"}],"predecessor-version":[{"id":5286,"href":"https:\/\/jornaloalvorada.com.br\/site\/wp-json\/wp\/v2\/posts\/5285\/revisions\/5286"}],"wp:featuredmedia":[{"embeddable":true,"href":"https:\/\/jornaloalvorada.com.br\/site\/wp-json\/wp\/v2\/media\/5087"}],"wp:attachment":[{"href":"https:\/\/jornaloalvorada.com.br\/site\/wp-json\/wp\/v2\/media?parent=5285"}],"wp:term":[{"taxonomy":"category","embeddable":true,"href":"https:\/\/jornaloalvorada.com.br\/site\/wp-json\/wp\/v2\/categories?post=5285"},{"taxonomy":"post_tag","embeddable":true,"href":"https:\/\/jornaloalvorada.com.br\/site\/wp-json\/wp\/v2\/tags?post=5285"}],"curies":[{"name":"wp","href":"https:\/\/api.w.org\/{rel}","templated":true}]}}