{"id":5277,"date":"2024-02-24T08:40:00","date_gmt":"2024-02-24T12:40:00","guid":{"rendered":"https:\/\/jornaloalvorada.com.br\/site\/?p=5277"},"modified":"2024-03-13T13:26:48","modified_gmt":"2024-03-13T17:26:48","slug":"com-aumento-nas-temperaturas-sabado-tem-previsao-de-sol-e-variacao-de-nebulosidade","status":"publish","type":"post","link":"https:\/\/jornaloalvorada.com.br\/site\/2024\/02\/24\/com-aumento-nas-temperaturas-sabado-tem-previsao-de-sol-e-variacao-de-nebulosidade\/","title":{"rendered":"Com aumento nas temperaturas, s\u00e1bado tem previs\u00e3o de sol e varia\u00e7\u00e3o de nebulosidade"},"content":{"rendered":"\n<p>Para este s\u00e1bado (24), a previs\u00e3o indica tempo com sol e varia\u00e7\u00e3o de nebulosidade devido a atua\u00e7\u00e3o de uma alta press\u00e3o em m\u00e9dios e altos n\u00edveis da atmosfera. Al\u00e9m disso, as temperaturas estar\u00e3o em gradativa eleva\u00e7\u00e3o ao longo do final de semana, principalmente na regi\u00e3o do Bols\u00e3o.<\/p>\n\n\n\n<p>De acordo com o Cemtec (Centro de Monitoramento do Tempo e do Clima), ainda podem ocorrer pancadas de chuvas devido a uma combina\u00e7\u00e3o de fatores meteorol\u00f3gicos, com destaque para as regi\u00f5es Norte, Centro, Oeste e Pantaneira. Pontualmente, tamb\u00e9m existe a probabilidade de chuvas mais intensas acompanhadas de raios e rajadas de vento.<\/p>\n\n\n\n<p>Em Campo Grande, os term\u00f4metros marcam 23\u00b0C inicialmente e atingem 31\u00b0C ao longo do dia. Dourados tem m\u00ednima de 23\u00b0C e m\u00e1xima de 34\u00b0C. Na fronteira com o Paraguai, Ponta Por\u00e3 tem 22\u00b0C pela manh\u00e3 e 29\u00b0C pela tarde. Na regi\u00e3o Cone-Sul, a m\u00ednima em Iguatemi \u00e9 de 24\u00b0C e a m\u00e1xima de 33\u00b0C.<\/p>\n\n\n\n<p>Parana\u00edba, no Bols\u00e3o, tem m\u00ednima de 24\u00b0C e m\u00e1xima de 33\u00b0C; Tr\u00eas Lagoas, na mesma regi\u00e3o, apresenta varia\u00e7\u00e3o entre 25\u00b0C e 34\u00b0C. No Norte do estado, Coxim e Camapu\u00e3 registram valores semelhantes, entre 23\u00b0C e 32\u00b0C.<\/p>\n\n\n\n<p>Na regi\u00e3o pantaneira, Corumb\u00e1 marca 25\u00b0C inicialmente e chega aos 29\u00b0C, j\u00e1 Aquidauana tem m\u00ednima de 24\u00b0C e m\u00e1xima de 30\u00b0C. Em Iguatemi, a temperatura \u00e9 de 25\u00b0C pela manh\u00e3 e atinge 32\u00b0C nos hor\u00e1rios mais quentes.<\/p>\n\n\n\n<figure class=\"wp-block-image\"><a href=\"https:\/\/agenciadenoticias.ms.gov.br\/wp-content\/uploads\/2024\/02\/Mapa-Previsao-24-02-24.jpeg\"><img decoding=\"async\" src=\"https:\/\/agenciadenoticias.ms.gov.br\/wp-content\/uploads\/2024\/02\/Mapa-Previsao-24-02-24-1024x724.jpeg\" alt=\"\"\/><\/a><\/figure>\n\n\n\n<p><em>Heloisa Duim, Programa de Est\u00e1gio Supervisionado<\/em> <em>Foto: Saul Schramm<\/em><\/p>\n","protected":false},"excerpt":{"rendered":"<p>Para este s\u00e1bado (24), a previs\u00e3o indica tempo com sol e varia\u00e7\u00e3o de nebulosidade devido a atua\u00e7\u00e3o de uma alta<\/p>\n","protected":false},"author":1,"featured_media":155,"comment_status":"open","ping_status":"open","sticky":false,"template":"","format":"standard","meta":{"footnotes":""},"categories":[2],"tags":[],"class_list":["post-5277","post","type-post","status-publish","format-standard","has-post-thumbnail","hentry","category-noticias"],"_links":{"self":[{"href":"https:\/\/jornaloalvorada.com.br\/site\/wp-json\/wp\/v2\/posts\/5277","targetHints":{"allow":["GET"]}}],"collection":[{"href":"https:\/\/jornaloalvorada.com.br\/site\/wp-json\/wp\/v2\/posts"}],"about":[{"href":"https:\/\/jornaloalvorada.com.br\/site\/wp-json\/wp\/v2\/types\/post"}],"author":[{"embeddable":true,"href":"https:\/\/jornaloalvorada.com.br\/site\/wp-json\/wp\/v2\/users\/1"}],"replies":[{"embeddable":true,"href":"https:\/\/jornaloalvorada.com.br\/site\/wp-json\/wp\/v2\/comments?post=5277"}],"version-history":[{"count":1,"href":"https:\/\/jornaloalvorada.com.br\/site\/wp-json\/wp\/v2\/posts\/5277\/revisions"}],"predecessor-version":[{"id":5278,"href":"https:\/\/jornaloalvorada.com.br\/site\/wp-json\/wp\/v2\/posts\/5277\/revisions\/5278"}],"wp:featuredmedia":[{"embeddable":true,"href":"https:\/\/jornaloalvorada.com.br\/site\/wp-json\/wp\/v2\/media\/155"}],"wp:attachment":[{"href":"https:\/\/jornaloalvorada.com.br\/site\/wp-json\/wp\/v2\/media?parent=5277"}],"wp:term":[{"taxonomy":"category","embeddable":true,"href":"https:\/\/jornaloalvorada.com.br\/site\/wp-json\/wp\/v2\/categories?post=5277"},{"taxonomy":"post_tag","embeddable":true,"href":"https:\/\/jornaloalvorada.com.br\/site\/wp-json\/wp\/v2\/tags?post=5277"}],"curies":[{"name":"wp","href":"https:\/\/api.w.org\/{rel}","templated":true}]}}