{"id":5274,"date":"2024-02-24T10:38:00","date_gmt":"2024-02-24T14:38:00","guid":{"rendered":"https:\/\/jornaloalvorada.com.br\/site\/?p=5274"},"modified":"2024-03-13T13:26:37","modified_gmt":"2024-03-13T17:26:37","slug":"prefeito-paleari-recebe-em-seu-gabinete-equipe-da-sertran-transportes","status":"publish","type":"post","link":"https:\/\/jornaloalvorada.com.br\/site\/2024\/02\/24\/prefeito-paleari-recebe-em-seu-gabinete-equipe-da-sertran-transportes\/","title":{"rendered":"Prefeito Paleari recebe em seu gabinete equipe da Sertran Transportes"},"content":{"rendered":"\n<p>Recebendo no gabinete a equipe da Sertran Transportes, representada pelo Anderson Vieira &#8211; Gerente Unidade de Nova Alvorada do Sul, Luciano &#8211; Gerente Maracaju e Junior &#8211; T\u00e9cnico em Seguran\u00e7a do Trabalho, acompanhados do nosso parceiro Ivonei Batista.<\/p>\n\n\n\n<p>Na oportunidade conversamos sobre as a\u00e7\u00f5es da nossa gest\u00e3o e sobre as linhas do transporte coletivo e pontos de \u00f4nibus dentro do per\u00edmetro urbano.<\/p>\n","protected":false},"excerpt":{"rendered":"<p>Recebendo no gabinete a equipe da Sertran Transportes, representada pelo Anderson Vieira &#8211; Gerente Unidade de Nova Alvorada do Sul,<\/p>\n","protected":false},"author":1,"featured_media":5275,"comment_status":"open","ping_status":"open","sticky":false,"template":"","format":"standard","meta":{"footnotes":""},"categories":[2],"tags":[],"class_list":["post-5274","post","type-post","status-publish","format-standard","has-post-thumbnail","hentry","category-noticias"],"_links":{"self":[{"href":"https:\/\/jornaloalvorada.com.br\/site\/wp-json\/wp\/v2\/posts\/5274","targetHints":{"allow":["GET"]}}],"collection":[{"href":"https:\/\/jornaloalvorada.com.br\/site\/wp-json\/wp\/v2\/posts"}],"about":[{"href":"https:\/\/jornaloalvorada.com.br\/site\/wp-json\/wp\/v2\/types\/post"}],"author":[{"embeddable":true,"href":"https:\/\/jornaloalvorada.com.br\/site\/wp-json\/wp\/v2\/users\/1"}],"replies":[{"embeddable":true,"href":"https:\/\/jornaloalvorada.com.br\/site\/wp-json\/wp\/v2\/comments?post=5274"}],"version-history":[{"count":1,"href":"https:\/\/jornaloalvorada.com.br\/site\/wp-json\/wp\/v2\/posts\/5274\/revisions"}],"predecessor-version":[{"id":5276,"href":"https:\/\/jornaloalvorada.com.br\/site\/wp-json\/wp\/v2\/posts\/5274\/revisions\/5276"}],"wp:featuredmedia":[{"embeddable":true,"href":"https:\/\/jornaloalvorada.com.br\/site\/wp-json\/wp\/v2\/media\/5275"}],"wp:attachment":[{"href":"https:\/\/jornaloalvorada.com.br\/site\/wp-json\/wp\/v2\/media?parent=5274"}],"wp:term":[{"taxonomy":"category","embeddable":true,"href":"https:\/\/jornaloalvorada.com.br\/site\/wp-json\/wp\/v2\/categories?post=5274"},{"taxonomy":"post_tag","embeddable":true,"href":"https:\/\/jornaloalvorada.com.br\/site\/wp-json\/wp\/v2\/tags?post=5274"}],"curies":[{"name":"wp","href":"https:\/\/api.w.org\/{rel}","templated":true}]}}