{"id":5271,"date":"2024-03-13T08:36:16","date_gmt":"2024-03-13T12:36:16","guid":{"rendered":"https:\/\/jornaloalvorada.com.br\/site\/?p=5271"},"modified":"2024-03-13T13:38:14","modified_gmt":"2024-03-13T17:38:14","slug":"aprovacao-de-lula-despenca-ate-em-salvador-uma-das-capitais-mais-lulistas-do-pais-veja-numeros","status":"publish","type":"post","link":"https:\/\/jornaloalvorada.com.br\/site\/2024\/03\/13\/aprovacao-de-lula-despenca-ate-em-salvador-uma-das-capitais-mais-lulistas-do-pais-veja-numeros\/","title":{"rendered":"Aprova\u00e7\u00e3o de Lula despenca at\u00e9 em Salvador, uma das capitais mais \u2018lulistas\u2019 do pa\u00eds; veja n\u00fameros"},"content":{"rendered":"\n<p>Lula n\u00e3o est\u00e1 sendo poupado nem mesmo em Salvador. Nesta ter\u00e7a-feira, 12, mais uma pesquisa se junta \u00e0 sequ\u00eancia implac\u00e1vel que aponta a queda na popularidade do l\u00edder petista. A Atlas Intel divulgou um levantamento sobre a disputa pela Prefeitura da capital baiana, encomendado pelo jornal A Tarde.<\/p>\n\n\n\n<p>De acordo com a pesquisa, o atual prefeito Bruno Reis (Uni\u00e3o) seria reeleito em primeiro turno, com 51,4% dos votos. Geraldo J\u00fanior (MDB) ocupa o segundo lugar, com 18,4% das inten\u00e7\u00f5es de voto, seguido por Kleber Rosa (PSOL), com 8,4%, e Luciana Buck (Novo), com 1,8%. Os votos brancos e nulos somam 11,2%, enquanto o \u00edndice de \u201cn\u00e3o sei\u201d \u00e9 de 8,8%.<\/p>\n\n\n\n<p>O que merece destaque \u00e9 a queda de 57% para 50% na aprova\u00e7\u00e3o de Lula em Salvador, registrada em dezembro. A capital baiana, conhecida por sua afinidade com o l\u00edder petista, demonstra uma mudan\u00e7a significativa, uma vez que Lula venceu as elei\u00e7\u00f5es de 2022 na Bahia com 72% dos votos, perdendo apenas em dois dos 417 munic\u00edpios do estado.<\/p>\n\n\n\n<p>\u201cA pesquisa Atlas \/ A Tarde para Salvador mostra uma queda maior da aprova\u00e7\u00e3o do Lula vs. a m\u00e9dia nacional. Um aspecto interessante, no entanto \u00e9 que a desaprova\u00e7\u00e3o n\u00e3o subiu: as pessoas preferem responder: \u2018n\u00e3o sei\u2019\u201d, comentou Andrei Roman, CEO da Atlas.<\/p>\n\n\n\n<p>O \u00edndice de desaprova\u00e7\u00e3o de Lula seguiu em 37% em Salvador, mas o \u201cn\u00e3o sei\u201d foi de 6% para 13%. Foram ouvidos 809 eleitores de 4 a 7 de mar\u00e7o e a margem de erro \u00e9 de tr\u00eas pontos percentuais para mais ou menos.<\/p>\n\n\n\n<p>\u201cJ\u00e1 no caso do governador da Bahia a situa\u00e7\u00e3o \u00e9 mais n\u00edtida, com uma alta de 7pp da desaprova\u00e7\u00e3o nos \u00faltimos 3 meses\u201d, completou Roman, referindo-se a Jer\u00f4nimo Teixeira (PT). Sua desaprova\u00e7\u00e3o saiu de 46% para 53%.<\/p>\n\n\n\n<p>Esta \u00e9 apenas mais uma de uma s\u00e9rie de pesquisas que evidenciou a diminui\u00e7\u00e3o da popularidade de Lula. O levantamento da Ipec revelou que o entusiasmo com o petista diminuiu no Nordeste, que \u00e9 seu principal reduto eleitoral.<\/p>\n\n\n\n<p>Enquanto isso, a pesquisa da Genial\/Quaest exp\u00f4s a queda de popularidade entre os evang\u00e9licos ap\u00f3s a refer\u00eancia ao Holocausto para criticar Israel.<\/p>\n\n\n\n<p>A pr\u00f3pria Atlas j\u00e1 havia indicado, em uma an\u00e1lise espec\u00edfica sobre Lula, que a avalia\u00e7\u00e3o de seu governo piorou em todos os aspectos em 2024.<\/p>\n\n\n\n<p>Al\u00e9m disso, o Datafolha divulgou, tamb\u00e9m nesta ter\u00e7a-feira, que a reprova\u00e7\u00e3o de Lula aumentou nove pontos na capital paulista.<\/p>\n\n\n\n<p><strong><em>Com informa\u00e7\u00f5es de O Antagonista<\/em><\/strong><\/p>\n","protected":false},"excerpt":{"rendered":"<p>Lula n\u00e3o est\u00e1 sendo poupado nem mesmo em Salvador. Nesta ter\u00e7a-feira, 12, mais uma pesquisa se junta \u00e0 sequ\u00eancia implac\u00e1vel<\/p>\n","protected":false},"author":1,"featured_media":5272,"comment_status":"open","ping_status":"open","sticky":false,"template":"","format":"standard","meta":{"footnotes":""},"categories":[2],"tags":[],"class_list":["post-5271","post","type-post","status-publish","format-standard","has-post-thumbnail","hentry","category-noticias"],"_links":{"self":[{"href":"https:\/\/jornaloalvorada.com.br\/site\/wp-json\/wp\/v2\/posts\/5271","targetHints":{"allow":["GET"]}}],"collection":[{"href":"https:\/\/jornaloalvorada.com.br\/site\/wp-json\/wp\/v2\/posts"}],"about":[{"href":"https:\/\/jornaloalvorada.com.br\/site\/wp-json\/wp\/v2\/types\/post"}],"author":[{"embeddable":true,"href":"https:\/\/jornaloalvorada.com.br\/site\/wp-json\/wp\/v2\/users\/1"}],"replies":[{"embeddable":true,"href":"https:\/\/jornaloalvorada.com.br\/site\/wp-json\/wp\/v2\/comments?post=5271"}],"version-history":[{"count":1,"href":"https:\/\/jornaloalvorada.com.br\/site\/wp-json\/wp\/v2\/posts\/5271\/revisions"}],"predecessor-version":[{"id":5273,"href":"https:\/\/jornaloalvorada.com.br\/site\/wp-json\/wp\/v2\/posts\/5271\/revisions\/5273"}],"wp:featuredmedia":[{"embeddable":true,"href":"https:\/\/jornaloalvorada.com.br\/site\/wp-json\/wp\/v2\/media\/5272"}],"wp:attachment":[{"href":"https:\/\/jornaloalvorada.com.br\/site\/wp-json\/wp\/v2\/media?parent=5271"}],"wp:term":[{"taxonomy":"category","embeddable":true,"href":"https:\/\/jornaloalvorada.com.br\/site\/wp-json\/wp\/v2\/categories?post=5271"},{"taxonomy":"post_tag","embeddable":true,"href":"https:\/\/jornaloalvorada.com.br\/site\/wp-json\/wp\/v2\/tags?post=5271"}],"curies":[{"name":"wp","href":"https:\/\/api.w.org\/{rel}","templated":true}]}}